{"id":10988,"date":"2024-01-03T07:55:40","date_gmt":"2024-01-03T10:55:40","guid":{"rendered":"https:\/\/diariorepublica.com.ar\/web\/?p=10988"},"modified":"2024-01-03T07:55:42","modified_gmt":"2024-01-03T10:55:42","slug":"el-senado-arma-las-comisiones-y-abre-el-debate-de-la-boleta-unica","status":"publish","type":"post","link":"https:\/\/diariorepublica.com.ar\/web\/index.php\/nacionales\/2024\/01\/03\/el-senado-arma-las-comisiones-y-abre-el-debate-de-la-boleta-unica\/","title":{"rendered":"El Senado arma las comisiones y abre el debate de la Boleta \u00danica"},"content":{"rendered":"<p class=\"paragraph\">Este mi\u00e9rcoles, la C\u00e1mara Alta constituir\u00e1 4 comisiones y comenzar\u00e1 a tratar los proyectos que Javier Milei incluy\u00f3 en el temario de sesiones extraordinarias. El oficialismo y el grueso de la oposici\u00f3n no kirchnerista buscan darle\u00a0<b>dictamen al proyecto de\u00a0<\/b><b>Boleta \u00danica Papel<\/b><b>\u00a0(BUP),<\/b>\u00a0que ya tuvo media sanci\u00f3n en Diputados hace dos a\u00f1os, en lo que podr\u00eda significar el\u00a0<b>primer triunfo parlamentario<\/b>\u00a0del a\u00f1o para el nuevo Gobierno.<\/p>\n<p class=\"paragraph\">El viernes de la semana pasada, en su \u00faltima acci\u00f3n del 2023 como titular del Senado,\u00a0Victoria Villarruel firm\u00f3 el decreto para la conformaci\u00f3n de 7 comisiones: Justicia y Asuntos Penales; Presupuesto y Hacienda; Legislaci\u00f3n General; Relaciones Exteriores y Culto; Acuerdo; Asuntos Constitucionales, y Asuntos Administrativos y Municipales. De las siete, cuatro estar\u00e1n\u00a0<b>presididas por La Libertad Avanza\u00a0<\/b>y 3 por fuerzas de la\u00a0<b>oposici\u00f3n \u201cdialoguista\u201d\u00a0<\/b>(PRO, UCR y el PJ federal).<\/p>\n<p class=\"paragraph\">Como inform\u00f3 este medio en las \u00faltimas semanas, por un\u00a0acuerdo pol\u00edtico entre todos los bloques\u00a0menos Uni\u00f3n por la Patria, el\u00a0<b>kirchnerismo no se qued\u00f3 con la presidencia de ninguna<\/b>\u00a0de las comisiones. Sin embargo, UxP -que es, c\u00f3modamente, la primera minor\u00eda- s\u00ed se qued\u00f3 con el 41% de los miembros.<\/p>\n<p class=\"paragraph\">Para que una comisi\u00f3n quede constituida debe\u00a0<b>reunirse y definir a sus autoridades<\/b>. Eso suceder\u00e1 este mi\u00e9rcoles para cuatro de ellas, que\u00a0<b>comenzar\u00e1n el mismo d\u00eda a tratar los proyectos<\/b>\u00a0habilitados a ser tratados durante este mes de sesiones extraordinarias.<\/p>\n<p class=\"paragraph\">As\u00ed,\u00a0<b>Presupuesto y Hacienda<\/b>\u00a0-que estar\u00e1 presidida por el libertario Ezequiel Atauche- y\u00a0<b>Relaciones Exteriores<\/b>\u00a0-a cargo del tambi\u00e9n libertario Francisco Paoltroni- se constituir\u00e1n desde las 14, y media hora m\u00e1s tarde tratar\u00e1n convenios y acuerdos internacionales con Luxemburgo, Jap\u00f3n, China, Emiratos \u00c1rabes y Turqu\u00eda.<\/p>\n<p class=\"paragraph\">Luego de las 17, se constituir\u00e1n las comisiones de\u00a0<b>Justicia y Asuntos Penales<\/b>\u00a0-conducida por Juan Carlos Pagotto, de LLA- y\u00a0<b>Asuntos Constitucionales<\/b>\u00a0-que ser\u00e1 presidida por el peronista entrerriano Edgardo Kueider- de Unidad Federal-. De nuevo, media hora m\u00e1s tarde, un plenario de ambas comisiones\u00a0<b>tratar\u00e1n el proyecto de Boleta \u00danica Papel<\/b>.<\/p>\n<p class=\"paragraph\">La BUP obtuvo\u00a0<b>media sanci\u00f3n de Diputados<\/b>\u00a0en los primeros d\u00edas de\u00a0<b>junio de 2022<\/b>. UxP, entonces el Frente de Todos, rechaz\u00f3 en general el proyecto y<b>\u00a0lo cajone\u00f3<\/b>\u00a0durante el \u00faltimo a\u00f1o y medio en la C\u00e1mara Alta.<\/p>\n<p>Fuente: Tn.com.ar<\/p>\n","protected":false},"excerpt":{"rendered":"<p>Este mi\u00e9rcoles, la C\u00e1mara Alta constituir\u00e1 4 comisiones y comenzar\u00e1 a tratar los proyectos que Javier Milei incluy\u00f3 en el<\/p>\n","protected":false},"author":1,"featured_media":10989,"comment_status":"closed","ping_status":"closed","sticky":false,"template":"","format":"standard","meta":{"footnotes":"","jetpack_publicize_message":"","jetpack_publicize_feature_enabled":true,"jetpack_social_post_already_shared":true,"jetpack_social_options":{"image_generator_settings":{"template":"highway","enabled":false},"version":2}},"categories":[4],"tags":[],"class_list":["post-10988","post","type-post","status-publish","format-standard","has-post-thumbnail","hentry","category-nacionales"],"jetpack_publicize_connections":[],"_links":{"self":[{"href":"https:\/\/diariorepublica.com.ar\/web\/index.php\/wp-json\/wp\/v2\/posts\/10988"}],"collection":[{"href":"https:\/\/diariorepublica.com.ar\/web\/index.php\/wp-json\/wp\/v2\/posts"}],"about":[{"href":"https:\/\/diariorepublica.com.ar\/web\/index.php\/wp-json\/wp\/v2\/types\/post"}],"author":[{"embeddable":true,"href":"https:\/\/diariorepublica.com.ar\/web\/index.php\/wp-json\/wp\/v2\/users\/1"}],"replies":[{"embeddable":true,"href":"https:\/\/diariorepublica.com.ar\/web\/index.php\/wp-json\/wp\/v2\/comments?post=10988"}],"version-history":[{"count":1,"href":"https:\/\/diariorepublica.com.ar\/web\/index.php\/wp-json\/wp\/v2\/posts\/10988\/revisions"}],"predecessor-version":[{"id":10990,"href":"https:\/\/diariorepublica.com.ar\/web\/index.php\/wp-json\/wp\/v2\/posts\/10988\/revisions\/10990"}],"wp:featuredmedia":[{"embeddable":true,"href":"https:\/\/diariorepublica.com.ar\/web\/index.php\/wp-json\/wp\/v2\/media\/10989"}],"wp:attachment":[{"href":"https:\/\/diariorepublica.com.ar\/web\/index.php\/wp-json\/wp\/v2\/media?parent=10988"}],"wp:term":[{"taxonomy":"category","embeddable":true,"href":"https:\/\/diariorepublica.com.ar\/web\/index.php\/wp-json\/wp\/v2\/categories?post=10988"},{"taxonomy":"post_tag","embeddable":true,"href":"https:\/\/diariorepublica.com.ar\/web\/index.php\/wp-json\/wp\/v2\/tags?post=10988"}],"curies":[{"name":"wp","href":"https:\/\/api.w.org\/{rel}","templated":true}]}}