{"id":10991,"date":"2024-01-03T07:57:27","date_gmt":"2024-01-03T10:57:27","guid":{"rendered":"https:\/\/diariorepublica.com.ar\/web\/?p=10991"},"modified":"2024-01-03T07:57:30","modified_gmt":"2024-01-03T10:57:30","slug":"la-policia-federal-detuvo-a-3-hombres-vinculados-a-posibles-actividades-terroristas","status":"publish","type":"post","link":"https:\/\/diariorepublica.com.ar\/web\/index.php\/politica\/2024\/01\/03\/la-policia-federal-detuvo-a-3-hombres-vinculados-a-posibles-actividades-terroristas\/","title":{"rendered":"La Polic\u00eda Federal detuvo a 3 hombres vinculados a posibles actividades terroristas"},"content":{"rendered":"<p class=\"paragraph\">En las \u00faltimas horas, la Polic\u00eda Federal Argentina detuvo\u00a0<b>a tres sospechosos\u00a0<\/b>mayores de edad por posibles v\u00ednculos con\u00a0<b>actividades terroristas<\/b>.<\/p>\n<p class=\"paragraph\">Seg\u00fan fuentes de la investigaci\u00f3n, las detenciones se dieron en el marco de un trabajo en conjunto llevado a cabo por la PFA, personal de la DINIC y de la PSA.<\/p>\n<p class=\"paragraph\">La causa qued\u00f3 bajo las \u00f3rdenes del Juzgado Nacional en lo Criminal y Correccional Federal N\u00b0 1, a cargo de la\u00a0<b>Dra. Mar\u00eda Servini<\/b>.<\/p>\n<p class=\"paragraph\">La pesquisa revel\u00f3 indicios que apuntan hacia la posible entrada al territorio nacional de tres individuos de origen\u00a0<b>sirio\u00a0<\/b>y\u00a0<b>liban\u00e9s<\/b>. Estos hombres, tras llegar en vuelos diferentes, planeaban encontrarse en la Ciudad de Buenos Aires con la presunta intenci\u00f3n de coordinar acciones terroristas.<\/p>\n<p class=\"paragraph\">Adem\u00e1s, se obtuvieron pruebas relacionadas con un\u00a0<b>env\u00edo internacional sospechoso de 35 kilogramos<\/b>\u00a0originado en la\u00a0<b>Rep\u00fablica de Yemen<\/b>, del cual se desconocen detalles adicionales. Este paquete se esperaba que fuera recibido en uno de los domicilios donde se alojar\u00edan los individuos bajo investigaci\u00f3n.<\/p>\n<p class=\"paragraph\">Esta informaci\u00f3n ha generado especial preocupaci\u00f3n entre los investigadores, ya que en la Ciudad Aut\u00f3noma de Buenos Aires se lleva a cabo, entre los d\u00edas 28 de diciembre y 4 de enero, la XV Edici\u00f3n de los Juegos Macabeos Panamericanos. Este evento cuenta con la participaci\u00f3n de 4,200 atletas pertenecientes a la\u00a0<b>comunidad jud\u00eda internacional<\/b>, provenientes de 22 delegaciones de diferentes pa\u00edses.<\/p>\n<p class=\"paragraph\">De manera expedita, agentes federales confirmaron que uno de los sospechosos estaba efectivamente viajando al pa\u00eds en un vuelo procedente de Colombia, siendo detenido a su llegada al Aeroparque Jorge Newbery. Adem\u00e1s, se informa sobre la detenci\u00f3n de otros dos individuos vinculados al sospechoso env\u00edo de la encomienda en el\u00a0<b>Microcentro Porte\u00f1o<\/b>\u00a0y en la localidad de\u00a0<b>Avellaneda<\/b>.<\/p>\n<p>Una fuente cercana a la investigaci\u00f3n ha se\u00f1alado que se mantiene la alerta respecto a los sospechosos restantes, y se est\u00e1 avanzando en el an\u00e1lisis del contenido de los tel\u00e9fonos celulares que fueron incautados en posesi\u00f3n de los detenidos. De los tres detenidos, uno pose\u00eda nacionalidad siria aunque ten\u00eda pasaportes de\u00a0<b>Venezuela\u00a0<\/b>y<b>\u00a0Colombia<\/b>\u00a0a su nombre.<\/p>\n","protected":false},"excerpt":{"rendered":"<p>En las \u00faltimas horas, la Polic\u00eda Federal Argentina detuvo\u00a0a tres sospechosos\u00a0mayores de edad por posibles v\u00ednculos con\u00a0actividades terroristas. Seg\u00fan fuentes<\/p>\n","protected":false},"author":1,"featured_media":10992,"comment_status":"closed","ping_status":"closed","sticky":false,"template":"","format":"standard","meta":{"footnotes":"","jetpack_publicize_message":"","jetpack_publicize_feature_enabled":true,"jetpack_social_post_already_shared":true,"jetpack_social_options":{"image_generator_settings":{"template":"highway","enabled":false},"version":2}},"categories":[12],"tags":[],"class_list":["post-10991","post","type-post","status-publish","format-standard","has-post-thumbnail","hentry","category-politica"],"jetpack_publicize_connections":[],"_links":{"self":[{"href":"https:\/\/diariorepublica.com.ar\/web\/index.php\/wp-json\/wp\/v2\/posts\/10991"}],"collection":[{"href":"https:\/\/diariorepublica.com.ar\/web\/index.php\/wp-json\/wp\/v2\/posts"}],"about":[{"href":"https:\/\/diariorepublica.com.ar\/web\/index.php\/wp-json\/wp\/v2\/types\/post"}],"author":[{"embeddable":true,"href":"https:\/\/diariorepublica.com.ar\/web\/index.php\/wp-json\/wp\/v2\/users\/1"}],"replies":[{"embeddable":true,"href":"https:\/\/diariorepublica.com.ar\/web\/index.php\/wp-json\/wp\/v2\/comments?post=10991"}],"version-history":[{"count":1,"href":"https:\/\/diariorepublica.com.ar\/web\/index.php\/wp-json\/wp\/v2\/posts\/10991\/revisions"}],"predecessor-version":[{"id":10993,"href":"https:\/\/diariorepublica.com.ar\/web\/index.php\/wp-json\/wp\/v2\/posts\/10991\/revisions\/10993"}],"wp:featuredmedia":[{"embeddable":true,"href":"https:\/\/diariorepublica.com.ar\/web\/index.php\/wp-json\/wp\/v2\/media\/10992"}],"wp:attachment":[{"href":"https:\/\/diariorepublica.com.ar\/web\/index.php\/wp-json\/wp\/v2\/media?parent=10991"}],"wp:term":[{"taxonomy":"category","embeddable":true,"href":"https:\/\/diariorepublica.com.ar\/web\/index.php\/wp-json\/wp\/v2\/categories?post=10991"},{"taxonomy":"post_tag","embeddable":true,"href":"https:\/\/diariorepublica.com.ar\/web\/index.php\/wp-json\/wp\/v2\/tags?post=10991"}],"curies":[{"name":"wp","href":"https:\/\/api.w.org\/{rel}","templated":true}]}}