{"id":10994,"date":"2024-01-03T08:00:39","date_gmt":"2024-01-03T11:00:39","guid":{"rendered":"https:\/\/diariorepublica.com.ar\/web\/?p=10994"},"modified":"2024-01-03T08:00:41","modified_gmt":"2024-01-03T11:00:41","slug":"el-gobierno-quiere-sumar-al-gremio-gastronomico-al-nuevo-modelo-de-indemnizaciones-con-fondo-de-desempleo","status":"publish","type":"post","link":"https:\/\/diariorepublica.com.ar\/web\/index.php\/nacionales\/2024\/01\/03\/el-gobierno-quiere-sumar-al-gremio-gastronomico-al-nuevo-modelo-de-indemnizaciones-con-fondo-de-desempleo\/","title":{"rendered":"El Gobierno quiere sumar al gremio gastron\u00f3mico al nuevo modelo de indemnizaciones con fondo de desempleo"},"content":{"rendered":"<p class=\"paragraph\"><b>El\u00a0<\/b><b>Gobierno\u00a0<\/b><b>busca seguir sumando adhsesiones de gremios al nuevo modelo de\u00a0<\/b><b>indemnizaciones\u00a0<\/b><b>ligado al Fondo de Cese de Desempleo<\/b>\u00a0al estilo UOCRA en medio de las tensiones con la Confederaci\u00f3n General del Trabajo (CGT) por el paro general del 24 de enero.<\/p>\n<p class=\"paragraph\">Desde Casa Rosada, le expresaron a\u00a0<b>TN\u00a0<\/b>que esperan que la Uni\u00f3n de Trabajadores del Turismo, Hoteleros y Gastron\u00f3micos de la Rep\u00fablica Argentina (UTHGRA) integre el sistema a su organizaci\u00f3n en las pr\u00f3ximas paritarias.<\/p>\n<p class=\"paragraph\">En las filas del secretario general del gremio en Ciudad de Buenos Aires, Dante Cama\u00f1o,\u00a0<b>conciben el esquema de forma positiva y creen que le sumar\u00eda mayor liquidez al trabajo y a la protecci\u00f3n de los empleados<\/b>.<\/p>\n<p class=\"paragraph\">Present\u00f3 un proyecto similar que inclu\u00eda el Fondo de Cese laboral cuando fue diputado entre el 89 y el 93 durante la presidencia de Carlos Menem, pero fue rechazado. A sus cercanos les dice que \u201c<b>el sistema actual deja a la gente sin un peso\u201d y que \u201cs\u00f3lo se la llevan los abogados<\/b>\u201d.<\/p>\n<p class=\"paragraph\">Cerca de Luis Barrionuevo, titular de UTHGRA a nivel nacional, Luis Barrionuevo, se muestran m\u00e1s esc\u00e9pticos, pero no rechazan la adhesi\u00f3n al nuevo r\u00e9gimen de indemnizaciones que se reglament\u00f3 en el DNU 70\/2023.\u00a0<b>Tiene una puja hist\u00f3rica con Cama\u00f1o\u00a0<\/b>dentro del gremio que podr\u00eda trabar las futuras determinaciones mediante impugnaciones.<\/p>\n<p class=\"paragraph\">En el lapso en el que el titular de UTHGRA a nivel nacional apoy\u00f3 a Javier Milei tras ganar las elecciones PASO,\u00a0<b>el sindicalista respald\u00f3 la propuesta del libertario para el sistema de indemnizaciones<\/b>.<\/p>\n<p class=\"paragraph\">\u201c<b>Nosotros lo quisimos implementar hace mucho,\u00a0<\/b>ya que nuestra actividad se asemeja bastante a lo que tiene que ver con la construcci\u00f3n\u201d, expres\u00f3 en una entrevista.<\/p>\n<p class=\"paragraph\">Adem\u00e1s, destac\u00f3 que los empresarios del sector gastron\u00f3mico est\u00e1n dispuestos en avanzar hacia un seguro de desempleo y agreg\u00f3: \u201c<b>Hay gremios que lo podemos hacer y otros que se tendr\u00e1n que adecuar.\u00a0<\/b>Todo tiene que ver para agilizar la posibilidad de m\u00e1s empleo\u201d.<\/p>\n","protected":false},"excerpt":{"rendered":"<p>El\u00a0Gobierno\u00a0busca seguir sumando adhsesiones de gremios al nuevo modelo de\u00a0indemnizaciones\u00a0ligado al Fondo de Cese de Desempleo\u00a0al estilo UOCRA en medio<\/p>\n","protected":false},"author":1,"featured_media":10995,"comment_status":"closed","ping_status":"closed","sticky":false,"template":"","format":"standard","meta":{"footnotes":"","jetpack_publicize_message":"","jetpack_publicize_feature_enabled":true,"jetpack_social_post_already_shared":true,"jetpack_social_options":{"image_generator_settings":{"template":"highway","enabled":false},"version":2}},"categories":[4],"tags":[],"class_list":["post-10994","post","type-post","status-publish","format-standard","has-post-thumbnail","hentry","category-nacionales"],"jetpack_publicize_connections":[],"_links":{"self":[{"href":"https:\/\/diariorepublica.com.ar\/web\/index.php\/wp-json\/wp\/v2\/posts\/10994"}],"collection":[{"href":"https:\/\/diariorepublica.com.ar\/web\/index.php\/wp-json\/wp\/v2\/posts"}],"about":[{"href":"https:\/\/diariorepublica.com.ar\/web\/index.php\/wp-json\/wp\/v2\/types\/post"}],"author":[{"embeddable":true,"href":"https:\/\/diariorepublica.com.ar\/web\/index.php\/wp-json\/wp\/v2\/users\/1"}],"replies":[{"embeddable":true,"href":"https:\/\/diariorepublica.com.ar\/web\/index.php\/wp-json\/wp\/v2\/comments?post=10994"}],"version-history":[{"count":1,"href":"https:\/\/diariorepublica.com.ar\/web\/index.php\/wp-json\/wp\/v2\/posts\/10994\/revisions"}],"predecessor-version":[{"id":10996,"href":"https:\/\/diariorepublica.com.ar\/web\/index.php\/wp-json\/wp\/v2\/posts\/10994\/revisions\/10996"}],"wp:featuredmedia":[{"embeddable":true,"href":"https:\/\/diariorepublica.com.ar\/web\/index.php\/wp-json\/wp\/v2\/media\/10995"}],"wp:attachment":[{"href":"https:\/\/diariorepublica.com.ar\/web\/index.php\/wp-json\/wp\/v2\/media?parent=10994"}],"wp:term":[{"taxonomy":"category","embeddable":true,"href":"https:\/\/diariorepublica.com.ar\/web\/index.php\/wp-json\/wp\/v2\/categories?post=10994"},{"taxonomy":"post_tag","embeddable":true,"href":"https:\/\/diariorepublica.com.ar\/web\/index.php\/wp-json\/wp\/v2\/tags?post=10994"}],"curies":[{"name":"wp","href":"https:\/\/api.w.org\/{rel}","templated":true}]}}