{"id":10997,"date":"2024-01-03T08:02:54","date_gmt":"2024-01-03T11:02:54","guid":{"rendered":"https:\/\/diariorepublica.com.ar\/web\/?p=10997"},"modified":"2024-01-03T08:02:56","modified_gmt":"2024-01-03T11:02:56","slug":"la-iglesia-catolica-ratifico-que-desde-este-ano-ya-no-recibira-fondos-del-estado","status":"publish","type":"post","link":"https:\/\/diariorepublica.com.ar\/web\/index.php\/sociedad\/2024\/01\/03\/la-iglesia-catolica-ratifico-que-desde-este-ano-ya-no-recibira-fondos-del-estado\/","title":{"rendered":"La Iglesia cat\u00f3lica ratific\u00f3 que desde este a\u00f1o ya no recibir\u00e1 fondos del Estado"},"content":{"rendered":"<p>La Conferencia Episcopal Argentina (CEA) comunic\u00f3 este martes que\u00a0<strong>concluy\u00f3 el \u00abproceso de renuncia de los arzobispos, obispos diocesanos y obispos auxiliares\u00bb a los fondos previstos en la ley 21.950, por lo cual esas autoridades de la Iglesia cat\u00f3lica dejar\u00e1n de percibir los aportes del Estado nacional.<\/strong><\/p>\n<p>Las renuncias se realizaron el \u00faltimo d\u00eda h\u00e1bil de diciembre, \u00abconforme a lo establecido en Asamblea Plenaria y a lo informado a la Secretar\u00eda de Culto de la Naci\u00f3n\u00bb, indic\u00f3 la CEA en un comunicado.<\/p>\n<p>El Ministerio de Relaciones Exteriores, en una resoluci\u00f3n del 26 de abril de 2023, hab\u00eda habilitado que los arzobispos y obispos que\u00a0<strong>\u00abhayan cesado en sus cargos por razones de edad o de invalidez puedan solicitar, de manera particular, con una serie de requisitos, recibir el beneficio de la asignaci\u00f3n prevista en la ley\u00bb,<\/strong>\u00a0se detall\u00f3.<\/p>\n<p>La ley 21.950 (del a\u00f1o 1979) establece que los \u00abarzobispos y obispos con jurisdicci\u00f3n sobre arquidi\u00f3cesis, di\u00f3cesis, prelaturas, eparqu\u00edas (circunscripci\u00f3n territorial bajo la autoridad de un obispo) y exarcados (territorios) del Culto Cat\u00f3lico Apost\u00f3lico Romano gozar\u00e1n de una asignaci\u00f3n mensual equivalente al 80 % de la remuneraci\u00f3n fijada para el cargo de Juez Nacional de Primera Instancia, hasta que cesen en dichos cargos\u00bb.<\/p>\n<p><strong>\u00abEl monto actual de la asignaci\u00f3n es de 98.000 pesos\u00bb, precis\u00f3 la CEA sobre la suma que recib\u00edan los eclesi\u00e1sticos.<\/strong><\/p>\n<p>Adem\u00e1s,\u00a0<strong>se record\u00f3 que la CEA en 2018 hab\u00eda anunciado su \u00abdecisi\u00f3n de renunciar progresivamente a los fondos estatales\u00bb y se consign\u00f3 que en julio de 2020 \u00ablos obispos avanzaron en su idea de generar nuevos mecanismos para financiarse y presentaron el Programa de Financiamiento Eclesial (FE),<\/strong>\u00a0destinado al desarrollo de la consecuci\u00f3n de donantes y fondos para solventar las tareas pastorales en el pa\u00eds\u00bb.<\/p>\n<p>\u00abSi bien el aporte que realizaba el Estado -que se destinaba principalmente a pagar las asignaciones mensuales a obispos, p\u00e1rrocos de frontera y seminaristas diocesanos- cubr\u00eda solamente el diez (10) por ciento del presupuesto total de la Iglesia, era de gran ayuda para las di\u00f3cesis m\u00e1s pobres\u00bb, se destac\u00f3.<\/p>\n<p>T\u00e9lam<\/p>\n","protected":false},"excerpt":{"rendered":"<p>La Conferencia Episcopal Argentina (CEA) comunic\u00f3 este martes que\u00a0concluy\u00f3 el \u00abproceso de renuncia de los arzobispos, obispos diocesanos y obispos<\/p>\n","protected":false},"author":1,"featured_media":10998,"comment_status":"closed","ping_status":"closed","sticky":false,"template":"","format":"standard","meta":{"footnotes":"","jetpack_publicize_message":"","jetpack_publicize_feature_enabled":true,"jetpack_social_post_already_shared":true,"jetpack_social_options":{"image_generator_settings":{"template":"highway","enabled":false},"version":2}},"categories":[3],"tags":[],"class_list":["post-10997","post","type-post","status-publish","format-standard","has-post-thumbnail","hentry","category-sociedad"],"jetpack_publicize_connections":[],"_links":{"self":[{"href":"https:\/\/diariorepublica.com.ar\/web\/index.php\/wp-json\/wp\/v2\/posts\/10997"}],"collection":[{"href":"https:\/\/diariorepublica.com.ar\/web\/index.php\/wp-json\/wp\/v2\/posts"}],"about":[{"href":"https:\/\/diariorepublica.com.ar\/web\/index.php\/wp-json\/wp\/v2\/types\/post"}],"author":[{"embeddable":true,"href":"https:\/\/diariorepublica.com.ar\/web\/index.php\/wp-json\/wp\/v2\/users\/1"}],"replies":[{"embeddable":true,"href":"https:\/\/diariorepublica.com.ar\/web\/index.php\/wp-json\/wp\/v2\/comments?post=10997"}],"version-history":[{"count":1,"href":"https:\/\/diariorepublica.com.ar\/web\/index.php\/wp-json\/wp\/v2\/posts\/10997\/revisions"}],"predecessor-version":[{"id":10999,"href":"https:\/\/diariorepublica.com.ar\/web\/index.php\/wp-json\/wp\/v2\/posts\/10997\/revisions\/10999"}],"wp:featuredmedia":[{"embeddable":true,"href":"https:\/\/diariorepublica.com.ar\/web\/index.php\/wp-json\/wp\/v2\/media\/10998"}],"wp:attachment":[{"href":"https:\/\/diariorepublica.com.ar\/web\/index.php\/wp-json\/wp\/v2\/media?parent=10997"}],"wp:term":[{"taxonomy":"category","embeddable":true,"href":"https:\/\/diariorepublica.com.ar\/web\/index.php\/wp-json\/wp\/v2\/categories?post=10997"},{"taxonomy":"post_tag","embeddable":true,"href":"https:\/\/diariorepublica.com.ar\/web\/index.php\/wp-json\/wp\/v2\/tags?post=10997"}],"curies":[{"name":"wp","href":"https:\/\/api.w.org\/{rel}","templated":true}]}}