{"id":11006,"date":"2024-01-03T08:13:07","date_gmt":"2024-01-03T11:13:07","guid":{"rendered":"https:\/\/diariorepublica.com.ar\/web\/?p=11006"},"modified":"2024-01-03T08:13:09","modified_gmt":"2024-01-03T11:13:09","slug":"boca-ya-tiene-su-primer-refuerzo-todo-acordado-por-la-llegada-de-cristian-lema","status":"publish","type":"post","link":"https:\/\/diariorepublica.com.ar\/web\/index.php\/deportes\/2024\/01\/03\/boca-ya-tiene-su-primer-refuerzo-todo-acordado-por-la-llegada-de-cristian-lema\/","title":{"rendered":"Boca ya tiene su primer refuerzo:\u00a0todo acordado por la llegada de Cristian Lema"},"content":{"rendered":"<p>El defensor central de Lan\u00fas\u00a0<strong>Cristian Lema<\/strong>\u00a0se convertir\u00e1 en el primer refuerzo del\u00a0Boca de Diego Mart\u00ednez\u00a0luego de que la dirigencia \u201cxeneize\u201d decida pagarle los<strong>\u00a0400.000 mil d\u00f3lares\u00a0<\/strong>al \u201cGranate\u201d como cl\u00e1usula de salida.<\/p>\n<p>A pocos d\u00edas de la confirmaci\u00f3n de\u00a0<strong>Diego Mart\u00ednez\u00a0<\/strong>como nuevo entrenador de\u00a0<a class=\"article_interlink\" href=\"https:\/\/www.canal26.com\/deportes\/el-hijo-de-un-multicampeon-con-boca-vive-en-el-exterior-pero-quiere-jugar-en-el-xeneize-seria-un-sueno-para-mi--360913\" target=\"_blank\" rel=\"noopener\">Boca<\/a>, el ex director t\u00e9cnico de Hurac\u00e1n tendr\u00e1 su primera incorporaci\u00f3n para la\u00a0<strong>temporada 2024<\/strong>\u00a0donde competir\u00e1 en la Copa de la Liga, en la Copa Argentina y en la Copa CONMEBOL Sudamericana.<\/p>\n<p><strong>Cristi\u00e1n Lema<\/strong>, el defensor central chubutense de 33 a\u00f1os proveniente de Lan\u00fas, abrir\u00e1 el mercado de pases del \u201cXeneize\u201d con su llegada al club. Tras decidir no continuar en el \u201cGranate\u201d y no presentarse al inicio de la pretemporada, la dirigencia de Boca se movi\u00f3 r\u00e1pido y avanz\u00f3 por el jugador que, en principio, iba a llegar en condici\u00f3n de libre.<\/p>\n","protected":false},"excerpt":{"rendered":"<p>El defensor central de Lan\u00fas\u00a0Cristian Lema\u00a0se convertir\u00e1 en el primer refuerzo del\u00a0Boca de Diego Mart\u00ednez\u00a0luego de que la dirigencia \u201cxeneize\u201d<\/p>\n","protected":false},"author":1,"featured_media":11007,"comment_status":"closed","ping_status":"closed","sticky":false,"template":"","format":"standard","meta":{"footnotes":"","jetpack_publicize_message":"","jetpack_publicize_feature_enabled":true,"jetpack_social_post_already_shared":true,"jetpack_social_options":{"image_generator_settings":{"template":"highway","enabled":false},"version":2}},"categories":[9],"tags":[],"class_list":["post-11006","post","type-post","status-publish","format-standard","has-post-thumbnail","hentry","category-deportes"],"jetpack_publicize_connections":[],"_links":{"self":[{"href":"https:\/\/diariorepublica.com.ar\/web\/index.php\/wp-json\/wp\/v2\/posts\/11006"}],"collection":[{"href":"https:\/\/diariorepublica.com.ar\/web\/index.php\/wp-json\/wp\/v2\/posts"}],"about":[{"href":"https:\/\/diariorepublica.com.ar\/web\/index.php\/wp-json\/wp\/v2\/types\/post"}],"author":[{"embeddable":true,"href":"https:\/\/diariorepublica.com.ar\/web\/index.php\/wp-json\/wp\/v2\/users\/1"}],"replies":[{"embeddable":true,"href":"https:\/\/diariorepublica.com.ar\/web\/index.php\/wp-json\/wp\/v2\/comments?post=11006"}],"version-history":[{"count":1,"href":"https:\/\/diariorepublica.com.ar\/web\/index.php\/wp-json\/wp\/v2\/posts\/11006\/revisions"}],"predecessor-version":[{"id":11008,"href":"https:\/\/diariorepublica.com.ar\/web\/index.php\/wp-json\/wp\/v2\/posts\/11006\/revisions\/11008"}],"wp:featuredmedia":[{"embeddable":true,"href":"https:\/\/diariorepublica.com.ar\/web\/index.php\/wp-json\/wp\/v2\/media\/11007"}],"wp:attachment":[{"href":"https:\/\/diariorepublica.com.ar\/web\/index.php\/wp-json\/wp\/v2\/media?parent=11006"}],"wp:term":[{"taxonomy":"category","embeddable":true,"href":"https:\/\/diariorepublica.com.ar\/web\/index.php\/wp-json\/wp\/v2\/categories?post=11006"},{"taxonomy":"post_tag","embeddable":true,"href":"https:\/\/diariorepublica.com.ar\/web\/index.php\/wp-json\/wp\/v2\/tags?post=11006"}],"curies":[{"name":"wp","href":"https:\/\/api.w.org\/{rel}","templated":true}]}}