{"id":11018,"date":"2024-01-05T00:58:00","date_gmt":"2024-01-05T03:58:00","guid":{"rendered":"https:\/\/diariorepublica.com.ar\/web\/?p=11018"},"modified":"2024-01-05T18:59:27","modified_gmt":"2024-01-05T21:59:27","slug":"espert-cuando-el-kirchnerismo-no-esta-en-el-poder-no-te-deja-gobernar-y-si-puede-te-voltea","status":"publish","type":"post","link":"https:\/\/diariorepublica.com.ar\/web\/index.php\/politica\/2024\/01\/05\/espert-cuando-el-kirchnerismo-no-esta-en-el-poder-no-te-deja-gobernar-y-si-puede-te-voltea\/","title":{"rendered":"Espert: \u00abCuando el kirchnerismo no est\u00e1 en el poder, no te deja gobernar y si puede te voltea\u00bb"},"content":{"rendered":"<p>El diputado nacional Jos\u00e9 Luis Espert critic\u00f3\u00a0este jueves a la oposici\u00f3n tras el cruce en la C\u00e1mara baja durante su nombramiento al frente de la comisi\u00f3n de Presupuesto y Hacienda, y asegur\u00f3 que cuando \u00abel kirchnerismo no est\u00e1 en el poder, no te dejan gobernar y si pueden te voltean\u00bb.<\/p>\n<p>\u00abCuando esta gente no est\u00e1 en el poder, no te dejan gobernar y si pueden te voltean. Hay que tener claro lo que es tener al kirchnerismo cuando no est\u00e1 en el poder y est\u00e1 en la oposici\u00f3n. Ellos son absolutamente destructivos y hasta destituyentes\u00bb, sostuvo Espert en declaraciones al programa \u00abCr\u00f3nica de una tarde anunciada\u00bb por Radio Rivadavia.<\/p>\n<p>En este sentido, el legislador de Juntos por el Cambio, consider\u00f3: \u00abLo que vimos en el d\u00eda de hoy fue parte de eso que se va a ver con el kirchnerismo no gobernando. Mientras puedan trabarte todo, te lo van a trabar\u00bb.<\/p>\n<p>\u00abEl kirchnerismo fue siempre complicado en la oposici\u00f3n y hoy lo demostr\u00f3 claramente\u00bb, enfatiz\u00f3 Espert.<\/p>\n<p>Por otra lado, el legislador cercano al presidente Javier Milei pronostic\u00f3 un escenario \u00abdoloros\u00edsimo\u00bb para la Argentina de cara a los pr\u00f3ximos meses producto de la inflaci\u00f3n y el ajuste econ\u00f3mico que est\u00e1 realizando el Gobierno.<\/p>\n<p>\u00abOjal\u00e1 que la gente est\u00e9 muy paciente con lo que viene, porque viene un purgatorio y un s\u00edndrome de abstinencia jodido de todo el desastre que dej\u00f3 el kirchnerismo\u00bb, explic\u00f3.<\/p>\n<p>A su vez, Espert plante\u00f3 que Argentina \u00abva a pasar por un purgatorio doloros\u00edsimo, sin el cual, no va a haber luz para que los argentinos tengan un pa\u00eds diferente. Para parir una nueva Argentina, va a haber dolor\u00bb.<\/p>\n<p>En este sentido, el economista liberal dijo que hay una \u00abbater\u00eda de cosas\u00bb donde \u00abla pol\u00edtica va a pagar un costo importante\u00bb, pero reconoci\u00f3 que \u00ablos justos van a pagar parte del ajuste\u00bb.<\/p>\n<p>\u00abEsto de sincerar precios y de ajustar tarifas, en el corto plazo, implica un ajuste de m\u00e1s tarifas, y pagar las cosas m\u00e1s caras\u00bb, afirm\u00f3.<\/p>\n<p>Las declaraciones del legislador de JxC se dieron luego de que sell\u00f3 su alianza con Milei, quien le dio la bienvenida \u00aba las fuerzas del cielo\u00bb tras su nombramiento al frente de la comisi\u00f3n de Presupuesto y Hacienda de la C\u00e1mara baja.<\/p>\n<p>El cuerpo que presidir\u00e1 Espert ser\u00e1 central en el tratamiento de la ley \u00f3mnibus que envi\u00f3 el mandatario.<\/p>\n<p>La reuni\u00f3n constitutiva de la comisi\u00f3n se dio en medio de un clima de tensi\u00f3n, con cr\u00edticas de Uni\u00f3n por la Patria y cruces con el diputado del Frente de Izquierda Christian Castillo.<\/p>\n<p>Fuente: NA.<\/p>\n","protected":false},"excerpt":{"rendered":"<p>El diputado nacional Jos\u00e9 Luis Espert critic\u00f3\u00a0este jueves a la oposici\u00f3n tras el cruce en la C\u00e1mara baja durante su<\/p>\n","protected":false},"author":1,"featured_media":11019,"comment_status":"closed","ping_status":"closed","sticky":false,"template":"","format":"standard","meta":{"footnotes":"","jetpack_publicize_message":"","jetpack_publicize_feature_enabled":true,"jetpack_social_post_already_shared":true,"jetpack_social_options":{"image_generator_settings":{"template":"highway","enabled":false},"version":2}},"categories":[12],"tags":[],"class_list":["post-11018","post","type-post","status-publish","format-standard","has-post-thumbnail","hentry","category-politica"],"jetpack_publicize_connections":[],"_links":{"self":[{"href":"https:\/\/diariorepublica.com.ar\/web\/index.php\/wp-json\/wp\/v2\/posts\/11018"}],"collection":[{"href":"https:\/\/diariorepublica.com.ar\/web\/index.php\/wp-json\/wp\/v2\/posts"}],"about":[{"href":"https:\/\/diariorepublica.com.ar\/web\/index.php\/wp-json\/wp\/v2\/types\/post"}],"author":[{"embeddable":true,"href":"https:\/\/diariorepublica.com.ar\/web\/index.php\/wp-json\/wp\/v2\/users\/1"}],"replies":[{"embeddable":true,"href":"https:\/\/diariorepublica.com.ar\/web\/index.php\/wp-json\/wp\/v2\/comments?post=11018"}],"version-history":[{"count":1,"href":"https:\/\/diariorepublica.com.ar\/web\/index.php\/wp-json\/wp\/v2\/posts\/11018\/revisions"}],"predecessor-version":[{"id":11020,"href":"https:\/\/diariorepublica.com.ar\/web\/index.php\/wp-json\/wp\/v2\/posts\/11018\/revisions\/11020"}],"wp:featuredmedia":[{"embeddable":true,"href":"https:\/\/diariorepublica.com.ar\/web\/index.php\/wp-json\/wp\/v2\/media\/11019"}],"wp:attachment":[{"href":"https:\/\/diariorepublica.com.ar\/web\/index.php\/wp-json\/wp\/v2\/media?parent=11018"}],"wp:term":[{"taxonomy":"category","embeddable":true,"href":"https:\/\/diariorepublica.com.ar\/web\/index.php\/wp-json\/wp\/v2\/categories?post=11018"},{"taxonomy":"post_tag","embeddable":true,"href":"https:\/\/diariorepublica.com.ar\/web\/index.php\/wp-json\/wp\/v2\/tags?post=11018"}],"curies":[{"name":"wp","href":"https:\/\/api.w.org\/{rel}","templated":true}]}}