{"id":1106,"date":"2023-04-07T16:58:00","date_gmt":"2023-04-07T19:58:00","guid":{"rendered":"https:\/\/diariorepublica.com.ar\/web\/?p=1106"},"modified":"2023-04-07T18:01:17","modified_gmt":"2023-04-07T21:01:17","slug":"dia-mundial-de-la-salud-por-que-se-celebra-y-cual-es-el-lema-elegido-este-ano","status":"publish","type":"post","link":"https:\/\/diariorepublica.com.ar\/web\/index.php\/sociedad\/2023\/04\/07\/dia-mundial-de-la-salud-por-que-se-celebra-y-cual-es-el-lema-elegido-este-ano\/","title":{"rendered":"D\u00eda Mundial de la Salud:\u00a0por qu\u00e9 se celebra y cu\u00e1l es el lema elegido este a\u00f1o"},"content":{"rendered":"<p>El\u00a0<strong>D\u00eda Mundial de la Salud<\/strong>\u00a0se celebra cada\u00a0<strong>7 de abril<\/strong>, en conmemoraci\u00f3n de la creaci\u00f3n de la\u00a0<strong>Organizaci\u00f3n Mundial de la Salud (OMS)<\/strong>, entidad que este 2023 festeja su\u00a0<strong>75\u00b0 aniversario<\/strong>\u00a0y pide que se cumpla la equidad sanitaria.<\/p>\n<p>Tal como lo fue al momento de su creaci\u00f3n en 1948, la OMS sigue manteniendo su principal objetivo, que es promover la salud, preservar la seguridad del mundo y servir a las personas vulnerables, para que toda la poblaci\u00f3n mundial pueda alcanzar el m\u00e1s alto grado de salud y bienestar.<\/p>\n<p>En esta oportunidad, la OMS destaca los \u00e9xitos de la salud p\u00fablica que han mejorado la calidad de vida durante las \u00faltimas siete d\u00e9cadas, buscando as\u00ed motivar la acci\u00f3n para hacer frente a los retos sanitarios de la actualidad y del futuro.<\/p>\n<h6>Cu\u00e1l es el tema del D\u00eda Mundial de la Salud en 2023<\/h6>\n<p>Este a\u00f1o, y bajo el lema\u00a0<strong>\u00abSalud para todos\u00bb<\/strong>, la OMS har\u00e1 un llamamiento a los gobiernos y l\u00edderes para que adopten \u00ab<strong>medidas para proteger e invertir en los trabajadores sanitarios y asistenciales<\/strong>\u00a0que est\u00e1n en primera l\u00ednea de la respuesta a las emergencias sanitarias y clim\u00e1ticas\u00bb, y tambi\u00e9n para \u00ab<strong>buscar la equidad sanitaria frente amenazas sin precedentes\u00bb<\/strong>, tal como lo asegur\u00f3 el doctor\u00a0<strong>Tedros Adhanom Ghebreyesus<\/strong>, director general de la Organizaci\u00f3n.<\/p>\n<p>\u00abTenemos mucho de lo que estar orgullosos, pero mucho trabajo por hacer para hacer realidad nuestra visi\u00f3n fundacional del m\u00e1s alto nivel posible de salud para todas las personas. Seguimos enfrent\u00e1ndonos a\u00a0<strong>grandes desigualdades en el acceso a los servicios de salud<\/strong>, a importantes lagunas en las defensas del mundo contra las emergencias sanitarias y a las amenazas de los productos nocivos para la salud y la crisis clim\u00e1tica.\u00a0<strong>Solo podremos hacer frente a estos retos mundiales con la cooperaci\u00f3n mundial<\/strong>\u00ab, agreg\u00f3.<\/p>\n","protected":false},"excerpt":{"rendered":"<p>El\u00a0D\u00eda Mundial de la Salud\u00a0se celebra cada\u00a07 de abril, en conmemoraci\u00f3n de la creaci\u00f3n de la\u00a0Organizaci\u00f3n Mundial de la Salud<\/p>\n","protected":false},"author":1,"featured_media":1107,"comment_status":"closed","ping_status":"closed","sticky":false,"template":"","format":"standard","meta":{"footnotes":"","jetpack_publicize_message":"","jetpack_publicize_feature_enabled":true,"jetpack_social_post_already_shared":false,"jetpack_social_options":{"image_generator_settings":{"template":"highway","enabled":false},"version":2}},"categories":[3],"tags":[],"class_list":["post-1106","post","type-post","status-publish","format-standard","has-post-thumbnail","hentry","category-sociedad"],"jetpack_publicize_connections":[],"_links":{"self":[{"href":"https:\/\/diariorepublica.com.ar\/web\/index.php\/wp-json\/wp\/v2\/posts\/1106"}],"collection":[{"href":"https:\/\/diariorepublica.com.ar\/web\/index.php\/wp-json\/wp\/v2\/posts"}],"about":[{"href":"https:\/\/diariorepublica.com.ar\/web\/index.php\/wp-json\/wp\/v2\/types\/post"}],"author":[{"embeddable":true,"href":"https:\/\/diariorepublica.com.ar\/web\/index.php\/wp-json\/wp\/v2\/users\/1"}],"replies":[{"embeddable":true,"href":"https:\/\/diariorepublica.com.ar\/web\/index.php\/wp-json\/wp\/v2\/comments?post=1106"}],"version-history":[{"count":2,"href":"https:\/\/diariorepublica.com.ar\/web\/index.php\/wp-json\/wp\/v2\/posts\/1106\/revisions"}],"predecessor-version":[{"id":1109,"href":"https:\/\/diariorepublica.com.ar\/web\/index.php\/wp-json\/wp\/v2\/posts\/1106\/revisions\/1109"}],"wp:featuredmedia":[{"embeddable":true,"href":"https:\/\/diariorepublica.com.ar\/web\/index.php\/wp-json\/wp\/v2\/media\/1107"}],"wp:attachment":[{"href":"https:\/\/diariorepublica.com.ar\/web\/index.php\/wp-json\/wp\/v2\/media?parent=1106"}],"wp:term":[{"taxonomy":"category","embeddable":true,"href":"https:\/\/diariorepublica.com.ar\/web\/index.php\/wp-json\/wp\/v2\/categories?post=1106"},{"taxonomy":"post_tag","embeddable":true,"href":"https:\/\/diariorepublica.com.ar\/web\/index.php\/wp-json\/wp\/v2\/tags?post=1106"}],"curies":[{"name":"wp","href":"https:\/\/api.w.org\/{rel}","templated":true}]}}