{"id":11061,"date":"2024-01-08T11:47:00","date_gmt":"2024-01-08T14:47:00","guid":{"rendered":"https:\/\/diariorepublica.com.ar\/web\/?p=11061"},"modified":"2024-01-08T16:48:11","modified_gmt":"2024-01-08T19:48:11","slug":"brasil-al-menos-25-muertos-por-el-choque-entre-un-micro-y-un-camion","status":"publish","type":"post","link":"https:\/\/diariorepublica.com.ar\/web\/index.php\/internacionales\/2024\/01\/08\/brasil-al-menos-25-muertos-por-el-choque-entre-un-micro-y-un-camion\/","title":{"rendered":"Brasil: al menos 25 muertos por el choque entre un micro y un cami\u00f3n"},"content":{"rendered":"<article id=\"article-post\" class=\"first\">\n<div class=\"cuerpo\" data-twitter-link=\"https:\/\/twitter.com\/intent\/tweet?url=https:\/\/www.diariopopular.com.ar\/c765791&amp;via=poopulardiario&amp;related=Popular&amp;text=\">\n<p>Al menos 25 personas murieron y otras resultaron heridas como consecuencia del choque entre un micro y un cami\u00f3n en el estado de\u00a0<strong>Bah\u00eda<\/strong>, en el noreste de<strong>\u00a0Brasil<\/strong>, seg\u00fan confirmaron hoy los bomberos locales.<\/p>\n<\/div>\n<\/article>\n<article id=\"article-post\">\n<div class=\"cuerpo\" data-twitter-link=\"https:\/\/twitter.com\/intent\/tweet?url=https:\/\/www.diariopopular.com.ar\/c765791&amp;via=poopulardiario&amp;related=Popular&amp;text=\">\n<p><strong>\u00abBomberos militares respondieron a un incidente que dej\u00f3 25 muertos en la BR 324 (carretera), a la altura de la ciudad de Gaviao, inform\u00f3 la dependencia sobre el accidente, que se produjo a unos 250 kil\u00f3metros de la ciudad de Salvador de Bahia, capital del estado\u00bb<\/strong>, consign\u00f3 la agencia de noticias AFP.<\/p>\n<p>Seg\u00fan el diario O Globo, el choque se produjo anoche en la carretera BR-324 cuando un \u00f3mnibus tur\u00edstico realizaba el trayecto entre Guarajuba y Jacobina y choc\u00f3 contra un cami\u00f3n.<\/p>\n<p>La mayor\u00eda de las v\u00edctimas fatales eran pasajeros del \u00f3mnibus;\u00a0<strong>entre los fallecidos hay siete hombres y 17 mujeres, una de ellas embarazada<\/strong>, seg\u00fan un comunicado de la brigada de rescate local Anjos Jacuipenses.<\/p>\n<p>Los heridos fueron trasladados a hospitales de las ciudades de Capim Grosso y de Nova F\u00e1tima.<\/p>\n<div id=\"687571-1927152695_wrap\" class=\"embed_cont type_video\" contenteditable=\"false\">\n<div id=\"687571-1927152695_content\" class=\"embed_content\">\n<div id=\"687571-1927152695_embed\">\n<div id=\"mediaPlayer_687571-1927152695\"><iframe loading=\"lazy\" src=\"https:\/\/www.diariopopular.com.ar\/services\/embed.php?idAdjunto=687571&amp;idAdjuntoTamano=0&amp;width=622&amp;height=351&amp;tipo=video\" width=\"622\" height=\"351\" frameborder=\"0\" scrolling=\"no\" allowfullscreen=\"allowfullscreen\" data-gtm-yt-inspected-11=\"true\" data-mce-fragment=\"1\"><\/iframe><\/div>\n<\/div>\n<\/div>\n<div id=\"687571-1927152695_epigrafe\" class=\"embed_epigrafe\">\n<p>Una imagen que muestra lo tremendo del choque entre el micro y el cami\u00f3n en una ruta de Bah\u00eda, Brasil.<\/p>\n<\/div>\n<div id=\"687571-1927152695_copyright\" class=\"embed_copyright\"><\/div>\n<\/div>\n<p>A\u00fan no se difundieron los motivos que provocaron el choque, mientras los peritos trabajaban en el lugar, indicaron los medios locales.<\/p>\n<p>El accidente oblig\u00f3 a cerrar la carretera en los alrededores de Gavi\u00e3o, el pueblo por el que pasaba el autob\u00fas en direcci\u00f3n a la ciudad de Jacobina, su destino. Las im\u00e1genes publicadas por el equipo de rescate muestran a uno de los veh\u00edculos con las ruedas hacia arriba y hecho un amasijo de hierros.<\/p>\n<p>El micri llevaba a turistas que regresaban a sus casas desde Guarajuba, una localidad costera de playas paradis\u00edacas a una hora de Salvador de Bah\u00eda.<\/p>\n<p>El Ayuntamiento de Jacobina expres\u00f3 este lunes sus \u00absinceras condolencias\u00bb a los familiares y amigos de las v\u00edctimas y decret\u00f3 un luto oficial de tres d\u00edas en el municipio.<\/p>\n<\/div>\n<\/article>\n","protected":false},"excerpt":{"rendered":"<p>Al menos 25 personas murieron y otras resultaron heridas como consecuencia del choque entre un micro y un cami\u00f3n en<\/p>\n","protected":false},"author":1,"featured_media":11062,"comment_status":"closed","ping_status":"closed","sticky":false,"template":"","format":"standard","meta":{"footnotes":"","jetpack_publicize_message":"","jetpack_publicize_feature_enabled":true,"jetpack_social_post_already_shared":true,"jetpack_social_options":{"image_generator_settings":{"template":"highway","enabled":false},"version":2}},"categories":[6],"tags":[],"class_list":["post-11061","post","type-post","status-publish","format-standard","has-post-thumbnail","hentry","category-internacionales"],"jetpack_publicize_connections":[],"_links":{"self":[{"href":"https:\/\/diariorepublica.com.ar\/web\/index.php\/wp-json\/wp\/v2\/posts\/11061"}],"collection":[{"href":"https:\/\/diariorepublica.com.ar\/web\/index.php\/wp-json\/wp\/v2\/posts"}],"about":[{"href":"https:\/\/diariorepublica.com.ar\/web\/index.php\/wp-json\/wp\/v2\/types\/post"}],"author":[{"embeddable":true,"href":"https:\/\/diariorepublica.com.ar\/web\/index.php\/wp-json\/wp\/v2\/users\/1"}],"replies":[{"embeddable":true,"href":"https:\/\/diariorepublica.com.ar\/web\/index.php\/wp-json\/wp\/v2\/comments?post=11061"}],"version-history":[{"count":1,"href":"https:\/\/diariorepublica.com.ar\/web\/index.php\/wp-json\/wp\/v2\/posts\/11061\/revisions"}],"predecessor-version":[{"id":11063,"href":"https:\/\/diariorepublica.com.ar\/web\/index.php\/wp-json\/wp\/v2\/posts\/11061\/revisions\/11063"}],"wp:featuredmedia":[{"embeddable":true,"href":"https:\/\/diariorepublica.com.ar\/web\/index.php\/wp-json\/wp\/v2\/media\/11062"}],"wp:attachment":[{"href":"https:\/\/diariorepublica.com.ar\/web\/index.php\/wp-json\/wp\/v2\/media?parent=11061"}],"wp:term":[{"taxonomy":"category","embeddable":true,"href":"https:\/\/diariorepublica.com.ar\/web\/index.php\/wp-json\/wp\/v2\/categories?post=11061"},{"taxonomy":"post_tag","embeddable":true,"href":"https:\/\/diariorepublica.com.ar\/web\/index.php\/wp-json\/wp\/v2\/tags?post=11061"}],"curies":[{"name":"wp","href":"https:\/\/api.w.org\/{rel}","templated":true}]}}