{"id":11070,"date":"2024-01-09T15:54:00","date_gmt":"2024-01-09T18:54:00","guid":{"rendered":"https:\/\/diariorepublica.com.ar\/web\/?p=11070"},"modified":"2024-01-09T16:55:33","modified_gmt":"2024-01-09T19:55:33","slug":"roldan-se-reunio-con-el-intendente-de-tinogasta","status":"publish","type":"post","link":"https:\/\/diariorepublica.com.ar\/web\/index.php\/sociedad\/2024\/01\/09\/roldan-se-reunio-con-el-intendente-de-tinogasta\/","title":{"rendered":"Rold\u00e1n se reuni\u00f3 con el intendente de Tinogasta"},"content":{"rendered":"<p>La ministra de Cultura, Turismo y Deporte, Daiana Rold\u00e1n, junto a la secretaria de Gesti\u00f3n Tur\u00edstica, Evangelina Quarin recibieron hoy martes 9 de enero al intendente de Tinogasta, Ernesto Andrada y su equipo para coordinar acciones entre las distintas \u00e1reas con el objetivo de fortalecer el desarrollo del municipio.<\/p>\n<p>Durante el encuentro remarcaron la importancia de las fiestas populares y en este sentido, Rold\u00e1n confirm\u00f3 que la provincia brindar\u00e1 apoyo para la realizaci\u00f3n de \u201cTinogasta es Vendimia\u201d, que se realizar\u00e1 en febrero y contar\u00e1 con desfiles de carrozas, exposiciones, artistas locales y regionales.<\/p>\n<p>\u201cLas fiestas populares son la memoria viva de las tradiciones culturales de nuestra provincia y es nuestro deber mantenerlas porque son el legado que enorgullece a las comunidades, porque son su identidad; adem\u00e1s entendemos que todo lo que implican las celebraciones contribuyen al desarrollo econ\u00f3mico local y en el contexto que atravesamos es indispensable custodiar ese patrimonio m\u00e1s que nunca\u201d, sostuvo Rold\u00e1n.<\/p>\n<p>Por otro lado, en la reuni\u00f3n se acord\u00f3 que el programa POSTA! Disfrut\u00e1 el verano visitar\u00e1 Tinogasta el pr\u00f3ximo 2 de febrero en el complejo La Aguadita, en el marco del cierre de las colonias de verano en ese municipio.<\/p>\n<p>Tambi\u00e9n se comprometieron a trabajar en conjunto en m\u00e1s acciones que fortalezcan el servicio de los prestadores y optimicen la promoci\u00f3n de los diferentes atractivos tur\u00edsticos. En cuanto al \u00e1rea de deportes, comentaron que en el municipio se encuentran trabajando con actividades recreativas por la temporada de verano 2024.<span style=\"color: #888888;\"><br clear=\"all\" \/><\/span><\/p>\n<div><\/div>\n","protected":false},"excerpt":{"rendered":"<p>La ministra de Cultura, Turismo y Deporte, Daiana Rold\u00e1n, junto a la secretaria de Gesti\u00f3n Tur\u00edstica, Evangelina Quarin recibieron hoy<\/p>\n","protected":false},"author":1,"featured_media":11071,"comment_status":"closed","ping_status":"closed","sticky":false,"template":"","format":"standard","meta":{"footnotes":"","jetpack_publicize_message":"","jetpack_publicize_feature_enabled":true,"jetpack_social_post_already_shared":true,"jetpack_social_options":{"image_generator_settings":{"template":"highway","enabled":false},"version":2}},"categories":[3],"tags":[],"class_list":["post-11070","post","type-post","status-publish","format-standard","has-post-thumbnail","hentry","category-sociedad"],"jetpack_publicize_connections":[],"_links":{"self":[{"href":"https:\/\/diariorepublica.com.ar\/web\/index.php\/wp-json\/wp\/v2\/posts\/11070"}],"collection":[{"href":"https:\/\/diariorepublica.com.ar\/web\/index.php\/wp-json\/wp\/v2\/posts"}],"about":[{"href":"https:\/\/diariorepublica.com.ar\/web\/index.php\/wp-json\/wp\/v2\/types\/post"}],"author":[{"embeddable":true,"href":"https:\/\/diariorepublica.com.ar\/web\/index.php\/wp-json\/wp\/v2\/users\/1"}],"replies":[{"embeddable":true,"href":"https:\/\/diariorepublica.com.ar\/web\/index.php\/wp-json\/wp\/v2\/comments?post=11070"}],"version-history":[{"count":1,"href":"https:\/\/diariorepublica.com.ar\/web\/index.php\/wp-json\/wp\/v2\/posts\/11070\/revisions"}],"predecessor-version":[{"id":11072,"href":"https:\/\/diariorepublica.com.ar\/web\/index.php\/wp-json\/wp\/v2\/posts\/11070\/revisions\/11072"}],"wp:featuredmedia":[{"embeddable":true,"href":"https:\/\/diariorepublica.com.ar\/web\/index.php\/wp-json\/wp\/v2\/media\/11071"}],"wp:attachment":[{"href":"https:\/\/diariorepublica.com.ar\/web\/index.php\/wp-json\/wp\/v2\/media?parent=11070"}],"wp:term":[{"taxonomy":"category","embeddable":true,"href":"https:\/\/diariorepublica.com.ar\/web\/index.php\/wp-json\/wp\/v2\/categories?post=11070"},{"taxonomy":"post_tag","embeddable":true,"href":"https:\/\/diariorepublica.com.ar\/web\/index.php\/wp-json\/wp\/v2\/tags?post=11070"}],"curies":[{"name":"wp","href":"https:\/\/api.w.org\/{rel}","templated":true}]}}