{"id":11091,"date":"2024-01-09T16:01:00","date_gmt":"2024-01-09T19:01:00","guid":{"rendered":"https:\/\/diariorepublica.com.ar\/web\/?p=11091"},"modified":"2024-01-09T17:23:03","modified_gmt":"2024-01-09T20:23:03","slug":"el-gobierno-redujo-en-un-43-la-estructura-gerencial-de-aerolineas-argentinas","status":"publish","type":"post","link":"https:\/\/diariorepublica.com.ar\/web\/index.php\/nacionales\/2024\/01\/09\/el-gobierno-redujo-en-un-43-la-estructura-gerencial-de-aerolineas-argentinas\/","title":{"rendered":"El Gobierno redujo en un 43% la estructura gerencial de Aerol\u00edneas Argentinas"},"content":{"rendered":"<article class=\"article-body article-body--first-paragraph content-protected-false\" data-td-script-src=\"https:\/\/www.ambito.com\/td\/modulos\/encuestas\/js\/function-embeds-min-version-1704773232.js\">Un nuevo ajuste del\u00a0<strong>Gobierno\u00a0<\/strong>de\u00a0<strong>Javier Milei\u00a0<\/strong>golpea este martes, en este caso a\u00a0<strong>Aerol\u00edneas Argentinas<\/strong>. El Ministerio de\u00a0<strong>Infraestructura<\/strong>, a cargo de\u00a0<strong>Guillermo Ferraro,<\/strong>\u00a0inform\u00f3 que ha decidido<strong>\u00a0recortar en un 43% la cantidad de direcciones\u00a0<\/strong>de la empresa estatal, respecto de las existentes a diciembre del a\u00f1o 2023.<\/p>\n<\/article>\n<article class=\"article-body article-body--second-paragraph content-protected-false\">Esto es\u00a0<strong>\u00aben l\u00ednea con las pol\u00edticas de reducci\u00f3n del Estado y ahorro fiscal fijadas por el Gobierno Nacional\u00bb,<\/strong>\u00a0comunicaron desde el Gobierno. \u00abTambi\u00e9n se tom\u00f3 la decisi\u00f3n de<strong>\u00a0reducir en un 35% los reportes directos a la gerencia general de la compa\u00f1\u00eda\u00bb<\/strong>, expresaron y detallaron que \u00abAerol\u00edneas Argentinas pasar\u00e1 de 14 direcciones a 8 y de 17 reportes directos a 11, como parte de su plan de racionalizaci\u00f3n\u00bb.<\/p>\n<p>\u00abLas ocho direcciones que a partir de ahora formar\u00e1n la nueva estructura org\u00e1nica de Aerol\u00edneas Argentinas ser\u00e1n<strong>: Prensa y Relaciones Institucionales, Asuntos Legales, Econ\u00f3mico Financiera, Comercial, Recursos Humanos, T\u00e9cnica y Flota, Coordinaci\u00f3n de Operaciones y Pol\u00edtica A\u00e9rea y Servicios Corporativos\u00bb<\/strong>, indicaron y aseguraron que lo motiva \u00abdotar a la empresa de mayor funcionalidad\u00bb.<\/p>\n<\/article>\n","protected":false},"excerpt":{"rendered":"<p>Un nuevo ajuste del\u00a0Gobierno\u00a0de\u00a0Javier Milei\u00a0golpea este martes, en este caso a\u00a0Aerol\u00edneas Argentinas. El Ministerio de\u00a0Infraestructura, a cargo de\u00a0Guillermo Ferraro,\u00a0inform\u00f3 que<\/p>\n","protected":false},"author":1,"featured_media":11092,"comment_status":"closed","ping_status":"closed","sticky":false,"template":"","format":"standard","meta":{"footnotes":"","jetpack_publicize_message":"","jetpack_publicize_feature_enabled":true,"jetpack_social_post_already_shared":true,"jetpack_social_options":{"image_generator_settings":{"template":"highway","enabled":false},"version":2}},"categories":[4],"tags":[],"class_list":["post-11091","post","type-post","status-publish","format-standard","has-post-thumbnail","hentry","category-nacionales"],"jetpack_publicize_connections":[],"_links":{"self":[{"href":"https:\/\/diariorepublica.com.ar\/web\/index.php\/wp-json\/wp\/v2\/posts\/11091"}],"collection":[{"href":"https:\/\/diariorepublica.com.ar\/web\/index.php\/wp-json\/wp\/v2\/posts"}],"about":[{"href":"https:\/\/diariorepublica.com.ar\/web\/index.php\/wp-json\/wp\/v2\/types\/post"}],"author":[{"embeddable":true,"href":"https:\/\/diariorepublica.com.ar\/web\/index.php\/wp-json\/wp\/v2\/users\/1"}],"replies":[{"embeddable":true,"href":"https:\/\/diariorepublica.com.ar\/web\/index.php\/wp-json\/wp\/v2\/comments?post=11091"}],"version-history":[{"count":1,"href":"https:\/\/diariorepublica.com.ar\/web\/index.php\/wp-json\/wp\/v2\/posts\/11091\/revisions"}],"predecessor-version":[{"id":11093,"href":"https:\/\/diariorepublica.com.ar\/web\/index.php\/wp-json\/wp\/v2\/posts\/11091\/revisions\/11093"}],"wp:featuredmedia":[{"embeddable":true,"href":"https:\/\/diariorepublica.com.ar\/web\/index.php\/wp-json\/wp\/v2\/media\/11092"}],"wp:attachment":[{"href":"https:\/\/diariorepublica.com.ar\/web\/index.php\/wp-json\/wp\/v2\/media?parent=11091"}],"wp:term":[{"taxonomy":"category","embeddable":true,"href":"https:\/\/diariorepublica.com.ar\/web\/index.php\/wp-json\/wp\/v2\/categories?post=11091"},{"taxonomy":"post_tag","embeddable":true,"href":"https:\/\/diariorepublica.com.ar\/web\/index.php\/wp-json\/wp\/v2\/tags?post=11091"}],"curies":[{"name":"wp","href":"https:\/\/api.w.org\/{rel}","templated":true}]}}