{"id":11218,"date":"2024-01-15T11:34:00","date_gmt":"2024-01-15T14:34:00","guid":{"rendered":"https:\/\/diariorepublica.com.ar\/web\/?p=11218"},"modified":"2024-01-15T18:36:12","modified_gmt":"2024-01-15T21:36:12","slug":"el-papa-recibio-al-expresidente-alberto-fernandez-en-el-vaticano","status":"publish","type":"post","link":"https:\/\/diariorepublica.com.ar\/web\/index.php\/internacionales\/2024\/01\/15\/el-papa-recibio-al-expresidente-alberto-fernandez-en-el-vaticano\/","title":{"rendered":"El Papa recibi\u00f3 al expresidente Alberto Fern\u00e1ndez en el Vaticano"},"content":{"rendered":"<p>El papa Francisco recibi\u00f3 este lunes en el Vaticano al expresidente Alberto Fern\u00e1ndez, en el primer encuentro entre ambos en casi tres a\u00f1os, inform\u00f3 la oficina de Prensa de la Santa Sede.<\/p>\n<p>El pont\u00edfice recibi\u00f3 a Fern\u00e1ndez en una reuni\u00f3n en la Biblioteca Privada del segundo piso del Palacio Apost\u00f3lico.<\/p>\n<p>Fern\u00e1ndez comparti\u00f3 una foto del encuentro y expres\u00f3: \u00abHoy visit\u00e9 a nuestro querido Papa Francisco para agradecerle todo lo que ayud\u00f3 y ayuda a la Argentina. Tuve la dicha de poder escuchar una vez m\u00e1s con humildad sus valiosas reflexiones sobre el presente de nuestro mundo\u00bb<\/p>\n<p>\u00abEstuve acompa\u00f1ado por nuestro hijo Francisco, a quien bendijo con amor. Fabiola no pudo viajar porque el s\u00e1bado fue intervenida quir\u00fargicamente por una apendicitis. Me transmiti\u00f3 para ella sus deseos de una pronta recuperaci\u00f3n\u00bb, a\u00f1adi\u00f3.<\/p>\n<p>La reuni\u00f3n entre ambos fue la primera desde que Fern\u00e1ndez dej\u00f3 de ser presidente de Argentina el 10 de diciembre y se instal\u00f3 en Espa\u00f1a, donde pas\u00f3 Fin de A\u00f1o.<\/p>\n<p>Durante su mandato, de 2019 a 2023, Fern\u00e1ndez visit\u00f3 al Papa dos veces: una en enero de 2020 en el Palacio Apost\u00f3lico y otra en mayo de 2021, en un sal\u00f3n del Aula Pablo VI.<\/p>\n<p>El Sumo Pont\u00edfice hab\u00eda planteado este domingo que analiza un posible viaje a Argentina para la segunda mitad del a\u00f1o, despu\u00e9s de una visita que debe hacer en agosto a Pap\u00faa Nueva Guinea.<\/p>\n<p>De concretarse, esa incursi\u00f3n en el pa\u00eds ser\u00eda la primera desde que Jorge Mario Bergoglio fue entronizado como el Papa n\u00famero 266 de la Iglesia, en marzo de 2013.<\/p>\n<p>La reuni\u00f3n de este lunes se dio tambi\u00e9n a menos de un mes de la canonizaci\u00f3n que har\u00e1 Francisco de la beata Mam\u00e1 Antula, el 11 de febrero, en la Bas\u00edlica de San Pedro, lo que convertir\u00e1 a esa religiosa en la primera Santa argentina.<\/p>\n<p>La canciller Diana Mondino transmiti\u00f3 la semana pasada a la Embajada vaticana en Argentina que el presidente Javier Milei tiene la \u00abintenci\u00f3n\u00bb de participar de la canonizaci\u00f3n que se har\u00e1 a las 9.30 hora local (5.30 de Argentina).<\/p>\n<p>Adem\u00e1s, la Presidencia de Milei curs\u00f3 la semana pasada una invitaci\u00f3n formal al Papa para que regrese de visita a su pa\u00eds natal.<\/p>\n","protected":false},"excerpt":{"rendered":"<p>El papa Francisco recibi\u00f3 este lunes en el Vaticano al expresidente Alberto Fern\u00e1ndez, en el primer encuentro entre ambos en<\/p>\n","protected":false},"author":1,"featured_media":11219,"comment_status":"closed","ping_status":"closed","sticky":false,"template":"","format":"standard","meta":{"footnotes":"","jetpack_publicize_message":"","jetpack_publicize_feature_enabled":true,"jetpack_social_post_already_shared":true,"jetpack_social_options":{"image_generator_settings":{"template":"highway","enabled":false},"version":2}},"categories":[6],"tags":[],"class_list":["post-11218","post","type-post","status-publish","format-standard","has-post-thumbnail","hentry","category-internacionales"],"jetpack_publicize_connections":[],"_links":{"self":[{"href":"https:\/\/diariorepublica.com.ar\/web\/index.php\/wp-json\/wp\/v2\/posts\/11218"}],"collection":[{"href":"https:\/\/diariorepublica.com.ar\/web\/index.php\/wp-json\/wp\/v2\/posts"}],"about":[{"href":"https:\/\/diariorepublica.com.ar\/web\/index.php\/wp-json\/wp\/v2\/types\/post"}],"author":[{"embeddable":true,"href":"https:\/\/diariorepublica.com.ar\/web\/index.php\/wp-json\/wp\/v2\/users\/1"}],"replies":[{"embeddable":true,"href":"https:\/\/diariorepublica.com.ar\/web\/index.php\/wp-json\/wp\/v2\/comments?post=11218"}],"version-history":[{"count":1,"href":"https:\/\/diariorepublica.com.ar\/web\/index.php\/wp-json\/wp\/v2\/posts\/11218\/revisions"}],"predecessor-version":[{"id":11220,"href":"https:\/\/diariorepublica.com.ar\/web\/index.php\/wp-json\/wp\/v2\/posts\/11218\/revisions\/11220"}],"wp:featuredmedia":[{"embeddable":true,"href":"https:\/\/diariorepublica.com.ar\/web\/index.php\/wp-json\/wp\/v2\/media\/11219"}],"wp:attachment":[{"href":"https:\/\/diariorepublica.com.ar\/web\/index.php\/wp-json\/wp\/v2\/media?parent=11218"}],"wp:term":[{"taxonomy":"category","embeddable":true,"href":"https:\/\/diariorepublica.com.ar\/web\/index.php\/wp-json\/wp\/v2\/categories?post=11218"},{"taxonomy":"post_tag","embeddable":true,"href":"https:\/\/diariorepublica.com.ar\/web\/index.php\/wp-json\/wp\/v2\/tags?post=11218"}],"curies":[{"name":"wp","href":"https:\/\/api.w.org\/{rel}","templated":true}]}}