{"id":11230,"date":"2024-01-15T16:41:00","date_gmt":"2024-01-15T19:41:00","guid":{"rendered":"https:\/\/diariorepublica.com.ar\/web\/?p=11230"},"modified":"2024-01-15T18:44:09","modified_gmt":"2024-01-15T21:44:09","slug":"hamas-compartio-un-video-propagandistico-donde-confirma-la-muerte-de-dos-rehenes-israelies","status":"publish","type":"post","link":"https:\/\/diariorepublica.com.ar\/web\/index.php\/internacionales\/2024\/01\/15\/hamas-compartio-un-video-propagandistico-donde-confirma-la-muerte-de-dos-rehenes-israelies\/","title":{"rendered":"Ham\u00e1s comparti\u00f3 un video propagand\u00edstico donde confirma la muerte de dos rehenes israel\u00edes"},"content":{"rendered":"<p>En un\u00a0<strong>video propagand\u00edstico<\/strong>\u00a0que ven\u00eda promocionando desde el domingo, el grupo islamista\u00a0<strong>Ham\u00e1s<\/strong>\u00a0anunci\u00f3 este lunes que los rehenes\u00a0<strong>Yossi Sharabi<\/strong>, de 53 a\u00f1os, e\u00a0<strong>Itay Svirsky<\/strong>, de 38, habr\u00edan muerto en cautiverio.<\/p>\n<p>A trav\u00e9s de sus canales de\u00a0<em>Telegram<\/em>, el grupo muestra a los dos rehenes pidiendo al primer ministro israel\u00ed,\u00a0<strong>Benjam\u00edn Netanyahu<\/strong>, que frene la guerra porque \u00ab<strong>corren peligro<\/strong>\u00ab, en una fecha por especificar. Luego, la reh\u00e9n\u00a0<strong>Noa Argamani<\/strong>, de 26 a\u00f1os, quien supuestamente sigue viva,\u00a0<strong>relata c\u00f3mo murieron<\/strong>\u00a0sus compa\u00f1eros.<\/p>\n<p>La joven cont\u00f3 que en ese edificio estaban ella, Itay y Yossi, junto con milicianos de las\u00a0<strong>Brigadas al Qasam<\/strong>, el brazo armado de Ham\u00e1s, que cometi\u00f3 el brutal ataque del\u00a0<strong>7 de octubre en Israel<\/strong>, con el resultado de m\u00e1s de\u00a0<strong>1.200 muertos<\/strong>\u00a0y unos\u00a0<strong>250 secuestrados<\/strong>.<\/p>\n<p>\u00abDespu\u00e9s de que el edificio en el que est\u00e1bamos fuera alcanzado, todos quedamos enterrados bajo los escombros.\u00a0<strong>Los soldados de Al Qasam me salvaron la vida<\/strong>, y la de Itay. Desafortunadamente, no pudimos salvar la de Yossi\u00bb, lament\u00f3 la reh\u00e9n.<\/p>\n<p>Y continu\u00f3 con su relato Noa, cuya liberaci\u00f3n por motivos humanitarios fue ampliamente solicitada, ya que a su madre le diagnosticaron un c\u00e1ncer terminal: \u00abLuego de dos noches, Itay y yo fuimos reubicados en otro lugar. Mientras nos transportaban, Itay fue alcanzado por otro ataque a\u00e9reo de las FDI. No sobrevivi\u00f3\u00bb.<\/p>\n<p>Antes del relato de Argamani, el video incluye sendos testimonios de Itay y Yossi, en los que hablan de las\u00a0<strong>dif\u00edciles condiciones de cautiverio<\/strong>, sin agua ni comida, y piden a Netanyahu que ponga\u00a0<strong>fin a la guerra<\/strong>, unas declaraciones que podr\u00edan haber pronunciado bajo presi\u00f3n.<\/p>\n<p>\u00ab<strong>Fui abandonado por mi gobierno dos veces, una cuando fui secuestrado en Beeri y otra ahora<\/strong>. Por favor, Netanyahu, para esta guerra, ll\u00e9vanos a casa. Las condiciones son muy dif\u00edciles, no tenemos comida ni agua. Estoy en peligro en todas partes\u00bb, declar\u00f3 Svirsky, al inicio del v\u00eddeo.<\/p>\n<p>Por su parte, Sharabi, suplic\u00f3: \u00abMientras la guerra contin\u00faa, la situaci\u00f3n se vuelve m\u00e1s dif\u00edcil. Estamos cada vez es mayor peligro.\u00a0<strong>Por eso la guerra debe terminar<\/strong>\u00ab.<\/p>\n<p><img decoding=\"async\" src=\"https:\/\/www.canal26.com\/media\/image\/2024\/01\/15\/583439.jpg\" alt=\"Yossi Sharabi, uno de los rehenes asesinados por Ham\u00e1s. Foto: captura de video.\" \/><\/p>\n<p><img decoding=\"async\" src=\"https:\/\/www.canal26.com\/media\/image\/2024\/01\/15\/583440.jpg\" alt=\"Itay Svirsky, uno de los rehenes asesinados por Ham\u00e1s. Foto: captura de video.\" \/><\/p>\n<p>Yossi Sharabi yItay Svirsky,\u00a0 rehenes asesinados por Ham\u00e1s<\/p>\n","protected":false},"excerpt":{"rendered":"<p>En un\u00a0video propagand\u00edstico\u00a0que ven\u00eda promocionando desde el domingo, el grupo islamista\u00a0Ham\u00e1s\u00a0anunci\u00f3 este lunes que los rehenes\u00a0Yossi Sharabi, de 53 a\u00f1os,<\/p>\n","protected":false},"author":1,"featured_media":11231,"comment_status":"closed","ping_status":"closed","sticky":false,"template":"","format":"standard","meta":{"footnotes":"","jetpack_publicize_message":"","jetpack_publicize_feature_enabled":true,"jetpack_social_post_already_shared":true,"jetpack_social_options":{"image_generator_settings":{"template":"highway","enabled":false},"version":2}},"categories":[6],"tags":[],"class_list":["post-11230","post","type-post","status-publish","format-standard","has-post-thumbnail","hentry","category-internacionales"],"jetpack_publicize_connections":[],"_links":{"self":[{"href":"https:\/\/diariorepublica.com.ar\/web\/index.php\/wp-json\/wp\/v2\/posts\/11230"}],"collection":[{"href":"https:\/\/diariorepublica.com.ar\/web\/index.php\/wp-json\/wp\/v2\/posts"}],"about":[{"href":"https:\/\/diariorepublica.com.ar\/web\/index.php\/wp-json\/wp\/v2\/types\/post"}],"author":[{"embeddable":true,"href":"https:\/\/diariorepublica.com.ar\/web\/index.php\/wp-json\/wp\/v2\/users\/1"}],"replies":[{"embeddable":true,"href":"https:\/\/diariorepublica.com.ar\/web\/index.php\/wp-json\/wp\/v2\/comments?post=11230"}],"version-history":[{"count":1,"href":"https:\/\/diariorepublica.com.ar\/web\/index.php\/wp-json\/wp\/v2\/posts\/11230\/revisions"}],"predecessor-version":[{"id":11232,"href":"https:\/\/diariorepublica.com.ar\/web\/index.php\/wp-json\/wp\/v2\/posts\/11230\/revisions\/11232"}],"wp:featuredmedia":[{"embeddable":true,"href":"https:\/\/diariorepublica.com.ar\/web\/index.php\/wp-json\/wp\/v2\/media\/11231"}],"wp:attachment":[{"href":"https:\/\/diariorepublica.com.ar\/web\/index.php\/wp-json\/wp\/v2\/media?parent=11230"}],"wp:term":[{"taxonomy":"category","embeddable":true,"href":"https:\/\/diariorepublica.com.ar\/web\/index.php\/wp-json\/wp\/v2\/categories?post=11230"},{"taxonomy":"post_tag","embeddable":true,"href":"https:\/\/diariorepublica.com.ar\/web\/index.php\/wp-json\/wp\/v2\/tags?post=11230"}],"curies":[{"name":"wp","href":"https:\/\/api.w.org\/{rel}","templated":true}]}}