{"id":11233,"date":"2024-01-15T16:44:00","date_gmt":"2024-01-15T19:44:00","guid":{"rendered":"https:\/\/diariorepublica.com.ar\/web\/?p=11233"},"modified":"2024-01-15T18:45:34","modified_gmt":"2024-01-15T21:45:34","slug":"una-familia-necesito-casi-500-000-en-diciembre-para-no-ser-pobre","status":"publish","type":"post","link":"https:\/\/diariorepublica.com.ar\/web\/index.php\/economia\/2024\/01\/15\/una-familia-necesito-casi-500-000-en-diciembre-para-no-ser-pobre\/","title":{"rendered":"Una familia necesit\u00f3 casi $500.000 en diciembre para no ser pobre"},"content":{"rendered":"<article class=\"article-body article-body--first-paragraph content-protected-false\" data-td-script-src=\"https:\/\/www.ambito.com\/td\/modulos\/encuestas\/js\/function-embeds-min-version-1705291663.js\">Una\u00a0<strong>familia conformada por dos adultos y dos menores<\/strong>\u00a0de edad necesita\u00a0<strong>un ingreso de casi $500.000<\/strong>\u00a0<strong>para no ser considerada en pobre,<\/strong>\u00a0inform\u00f3 este lunes el Instituto Nacional de Estad\u00edstica y Censos (INDEC).<\/p>\n<\/article>\n<article class=\"article-body article-body--second-paragraph content-protected-false\">El informe oficial indica que el costo de los productos que integran la\u00a0<strong>Canasta B\u00e1sica Alimentaria (CBA) subi\u00f3 30,1% en diciembre<\/strong>, lo que determin\u00f3 que una familia conformada por dos adultos y dos hijos menores necesitara ingresos por\u00a0<strong>$240.678 para no caer en la indigencia.<\/strong><\/p>\n<article class=\"article-body article-body--third-paragraph content-protected-false\">De esta forma,\u00a0<strong>a lo largo de los doce meses de 2023 el costo de la canasta alimentaria acumul\u00f3 un incremento de 258,2%.<\/strong><\/p>\n<\/article>\n<article class=\"article-body article-body--fourth-paragraph content-protected-false\">Por su parte,\u00a0<strong>el costo de la Canasta B\u00e1sica Total (CBT) subi\u00f3 27% el mes pasado<\/strong>, por lo que el mismo grupo familiar necesit\u00f3 contar con ingresos por\u00a0<strong>$495.798 para no ser considerada en situaci\u00f3n de pobreza.\u00a0<\/strong><strong>En este \u00faltimo caso el acumulado de 2023 marc\u00f3 un aumento de 225,1%.<\/strong><\/p>\n<\/article>\n<article class=\"article-body article-body--remaining-paragraph content-protected-false\"><strong>El Indec dio cuenta la semana pasada de que la inflaci\u00f3n minorista durante diciembre ascendi\u00f3 al 25,5%,<\/strong>\u00a0casi el doble que en noviembre, y que el rubro\u00a0<strong>Alimentos y Bebidas mostr\u00f3 una suba mayor al \u00edndice general, con un 29,7 %.<\/strong><\/p>\n<p>En tanto, la inflaci\u00f3n a lo largo del a\u00f1o pasado alcanz\u00f3 al 211,4%, el mayor registr\u00f3 desde 1990.<\/p>\n<p>Hasta el primer semestre del a\u00f1o, \u00faltima medici\u00f3n disponible del Indec, el 40,1% de los habitantes del pa\u00eds estaban bajo la l\u00ednea de pobreza, de los cuales, el 9,3% era indigente.<\/p>\n<p>De esta manera, sobre una poblaci\u00f3n de 46 millones de personas, 18,4 millones se encuentran en la pobreza y uno de cada cuatro de ellas es indigente. Adem\u00e1s, la pobreza se hace m\u00e1s fuerte en los menores de 16 a\u00f1os donde el porcentaje alcanza al 60%, seg\u00fan cifras del Indec. Los datos de mediados de este a\u00f1o superaron al 39,3% de pobreza con que cerr\u00f3 el 2022, y 8,1% de indigentes, seg\u00fan el organismo.<\/p>\n<\/article>\n<\/article>\n","protected":false},"excerpt":{"rendered":"<p>Una\u00a0familia conformada por dos adultos y dos menores\u00a0de edad necesita\u00a0un ingreso de casi $500.000\u00a0para no ser considerada en pobre,\u00a0inform\u00f3 este<\/p>\n","protected":false},"author":1,"featured_media":11234,"comment_status":"closed","ping_status":"closed","sticky":false,"template":"","format":"standard","meta":{"footnotes":"","jetpack_publicize_message":"","jetpack_publicize_feature_enabled":true,"jetpack_social_post_already_shared":true,"jetpack_social_options":{"image_generator_settings":{"template":"highway","enabled":false},"version":2}},"categories":[5],"tags":[],"class_list":["post-11233","post","type-post","status-publish","format-standard","has-post-thumbnail","hentry","category-economia"],"jetpack_publicize_connections":[],"_links":{"self":[{"href":"https:\/\/diariorepublica.com.ar\/web\/index.php\/wp-json\/wp\/v2\/posts\/11233"}],"collection":[{"href":"https:\/\/diariorepublica.com.ar\/web\/index.php\/wp-json\/wp\/v2\/posts"}],"about":[{"href":"https:\/\/diariorepublica.com.ar\/web\/index.php\/wp-json\/wp\/v2\/types\/post"}],"author":[{"embeddable":true,"href":"https:\/\/diariorepublica.com.ar\/web\/index.php\/wp-json\/wp\/v2\/users\/1"}],"replies":[{"embeddable":true,"href":"https:\/\/diariorepublica.com.ar\/web\/index.php\/wp-json\/wp\/v2\/comments?post=11233"}],"version-history":[{"count":1,"href":"https:\/\/diariorepublica.com.ar\/web\/index.php\/wp-json\/wp\/v2\/posts\/11233\/revisions"}],"predecessor-version":[{"id":11235,"href":"https:\/\/diariorepublica.com.ar\/web\/index.php\/wp-json\/wp\/v2\/posts\/11233\/revisions\/11235"}],"wp:featuredmedia":[{"embeddable":true,"href":"https:\/\/diariorepublica.com.ar\/web\/index.php\/wp-json\/wp\/v2\/media\/11234"}],"wp:attachment":[{"href":"https:\/\/diariorepublica.com.ar\/web\/index.php\/wp-json\/wp\/v2\/media?parent=11233"}],"wp:term":[{"taxonomy":"category","embeddable":true,"href":"https:\/\/diariorepublica.com.ar\/web\/index.php\/wp-json\/wp\/v2\/categories?post=11233"},{"taxonomy":"post_tag","embeddable":true,"href":"https:\/\/diariorepublica.com.ar\/web\/index.php\/wp-json\/wp\/v2\/tags?post=11233"}],"curies":[{"name":"wp","href":"https:\/\/api.w.org\/{rel}","templated":true}]}}