{"id":11239,"date":"2024-01-16T16:48:00","date_gmt":"2024-01-16T19:48:00","guid":{"rendered":"https:\/\/diariorepublica.com.ar\/web\/?p=11239"},"modified":"2024-01-16T19:06:41","modified_gmt":"2024-01-16T22:06:41","slug":"patricia-bullrich-pidio-que-los-extranjeros-que-toman-tierras-sean-expulsados-del-pais","status":"publish","type":"post","link":"https:\/\/diariorepublica.com.ar\/web\/index.php\/nacionales\/2024\/01\/16\/patricia-bullrich-pidio-que-los-extranjeros-que-toman-tierras-sean-expulsados-del-pais\/","title":{"rendered":"Patricia Bullrich pidi\u00f3 que los extranjeros que toman tierras sean expulsados del pa\u00eds"},"content":{"rendered":"<article class=\"article-body first\">\n<div class=\"article-content\">\n<div class=\"news-body-paragraph\" data-twitter-link=\"\">\n<p class=\"paragraph\" data-mrf-recirculation=\"Links inline\">La ministra de Seguridad,\u00a0<strong>Patricia Bullrich<\/strong>,\u00a0<strong>pidi\u00f3\u00a0<\/strong>este martes\u00a0<strong>que la Justicia expulse del pa\u00eds a los extranjeros que no tienen residencia y que cometan delitos<\/strong>. Asimismo, se refiri\u00f3 a la\u00a0tr\u00e1gica toma de terrenos en La Matanza que dej\u00f3 cinco muertos durante un tiroteo.<\/p>\n<\/div>\n<\/div>\n<\/article>\n<article class=\"article-body\">\n<div class=\"article-content\">\n<div class=\"news-body-paragraph\" data-twitter-link=\"\">\n<p class=\"paragraph\" data-mrf-recirculation=\"Links inline\"><a id=\"recommended-card-0\" class=\"recommended-card recommended-card--infobae recommended-card--first\" href=\"https:\/\/www.infobae.com\/politica\/2024\/01\/16\/nuevo-mensaje-del-gobierno-al-congreso-el-presidente-milei-esta-molesto-porque-cada-dia-que-pasa-sin-avanzar-con-la-ley-se-complica-la-situacion\/\" target=\"_blank\" rel=\"noopener\" data-mrf-link=\"https:\/\/www.infobae.com\/politica\/2024\/01\/16\/nuevo-mensaje-del-gobierno-al-congreso-el-presidente-milei-esta-molesto-porque-cada-dia-que-pasa-sin-avanzar-con-la-ley-se-complica-la-situacion\/\"><\/a>\u201cEn caso de haber personas que usurpan terrenos que son extranjeros que no tienen domicilio permanente en la Argentina,\u00a0<strong>la Justicia deber\u00eda proceder a echarlos del pa\u00eds de manera inmediata<\/strong>\u201d, comenz\u00f3 diciendo la funcionaria.<\/p>\n<\/div>\n<\/div>\n<\/article>\n<article class=\"article-body third-p\">\n<div class=\"article-content\">\n<div class=\"news-body-paragraph\" data-twitter-link=\"\">\n<p class=\"paragraph\" data-mrf-recirculation=\"Links inline\">En ese sentido, en di\u00e1logo con\u00a0<em>Radio Mitre<\/em>, Bullrich asegur\u00f3: \u201c<strong>El que viene a usurpar, a matar, debe ser expulsado\u00a0<\/strong>a menos que haya nacido en Argentina o tenga una residencia permanente.<strong>\u00a0Esa es una medida correctiva que hay que hacer de manera inmediata<\/strong>\u201d.<\/p>\n<h6 class=\"paragraph\" data-mrf-recirculation=\"Links inline\">El reclamo de Jorge Macri y Waldo Wolff por los extranjeros que delinquen<\/h6>\n<p>Algunos d\u00edas atr\u00e1s, el jefe de Gobierno porte\u00f1o,<strong>\u00a0Jorge Macri<\/strong>, y su ministro de Seguridad,\u00a0<strong>Waldo Wolff<\/strong>,\u00a0<strong>pidieron expulsar a los delincuentes extranjeros<\/strong>.<\/p>\n<p>\u00ab<strong>S\u00f3lo en 2023, tuvimos m\u00e1s de 10 delitos por d\u00eda cometidos por delincuentes que son extranjeros ilegales en Argentina<\/strong>. 4 de cada 10 homicidios realizados en la Ciudad de Buenos Aires, los cometieron delincuentes extranjeros ilegales\u00bb, sostuvo Macri en su cuenta de X (ex Twitter).<\/p>\n<p>Y complet\u00f3: \u00ab<strong>Tenemos que revertir el decreto derogado en 2021 por el kirchnerismo y restablecer la disposici\u00f3n de 2017 para facilitar la expulsi\u00f3n de extranjeros<\/strong>, sin ciudadan\u00eda, que eligen nuestro pa\u00eds para cometer delitos\u00bb.<\/p>\n<div id=\"embed7493_wrap\" class=\"embed_cont type_freetext\" contenteditable=\"false\" data-provider=\"twitter\">\n<div id=\"embed7493_content\" class=\"embed_content\">\n<div id=\"embed7493_embed\">\n<div class=\"twitter-tweet twitter-tweet-rendered\"><iframe id=\"twitter-widget-0\" class=\"\" title=\"X Post\" src=\"https:\/\/platform.twitter.com\/embed\/Tweet.html?creatorScreenName=A24COM&amp;dnt=false&amp;embedId=twitter-widget-0&amp;features=eyJ0ZndfdGltZWxpbmVfbGlzdCI6eyJidWNrZXQiOltdLCJ2ZXJzaW9uIjpudWxsfSwidGZ3X2ZvbGxvd2VyX2NvdW50X3N1bnNldCI6eyJidWNrZXQiOnRydWUsInZlcnNpb24iOm51bGx9LCJ0ZndfdHdlZXRfZWRpdF9iYWNrZW5kIjp7ImJ1Y2tldCI6Im9uIiwidmVyc2lvbiI6bnVsbH0sInRmd19yZWZzcmNfc2Vzc2lvbiI6eyJidWNrZXQiOiJvbiIsInZlcnNpb24iOm51bGx9LCJ0ZndfZm9zbnJfc29mdF9pbnRlcnZlbnRpb25zX2VuYWJsZWQiOnsiYnVja2V0Ijoib24iLCJ2ZXJzaW9uIjpudWxsfSwidGZ3X21peGVkX21lZGlhXzE1ODk3Ijp7ImJ1Y2tldCI6InRyZWF0bWVudCIsInZlcnNpb24iOm51bGx9LCJ0ZndfZXhwZXJpbWVudHNfY29va2llX2V4cGlyYXRpb24iOnsiYnVja2V0IjoxMjA5NjAwLCJ2ZXJzaW9uIjpudWxsfSwidGZ3X3RlYW1faG9sZGJhY2tfMTE5MjkiOnsiYnVja2V0IjoicHJvZHVjdGlvbiIsInZlcnNpb24iOjExfSwidGZ3X3Nob3dfYmlyZHdhdGNoX3Bpdm90c19lbmFibGVkIjp7ImJ1Y2tldCI6Im9uIiwidmVyc2lvbiI6bnVsbH0sInRmd19kdXBsaWNhdGVfc2NyaWJlc190b19zZXR0aW5ncyI6eyJidWNrZXQiOiJvbiIsInZlcnNpb24iOm51bGx9LCJ0ZndfdXNlX3Byb2ZpbGVfaW1hZ2Vfc2hhcGVfZW5hYmxlZCI6eyJidWNrZXQiOiJvbiIsInZlcnNpb24iOm51bGx9LCJ0ZndfdmlkZW9faGxzX2R5bmFtaWNfbWFuaWZlc3RzXzE1MDgyIjp7ImJ1Y2tldCI6InRydWVfYml0cmF0ZSIsInZlcnNpb24iOm51bGx9LCJ0ZndfbGVnYWN5X3RpbWVsaW5lX3N1bnNldCI6eyJidWNrZXQiOnRydWUsInZlcnNpb24iOm51bGx9LCJ0ZndfdHdlZXRfZWRpdF9mcm9udGVuZCI6eyJidWNrZXQiOiJvbiIsInZlcnNpb24iOm51bGx9fQ%3D%3D&amp;frame=false&amp;hideCard=false&amp;hideThread=false&amp;id=1747265906584232224&amp;lang=es&amp;origin=https%3A%2F%2Fwww.a24.com%2Fpolitica%2Fpatricia-bullrich-pidio-que-los-extranjeros-que-toman-tierras-sean-expulsados-del-pais-n1279360&amp;sessionId=7fb1d58352db534ad07da4226f512c1cfb8fce85&amp;siteScreenName=A24COM&amp;theme=light&amp;widgetsVersion=2615f7e52b7e0%3A1702314776716&amp;width=550px\" frameborder=\"0\" scrolling=\"no\" allowfullscreen=\"allowfullscreen\" data-tweet-id=\"1747265906584232224\" data-mce-fragment=\"1\"><\/iframe><\/div>\n<\/div>\n<\/div>\n<\/div>\n<\/div>\n<\/div>\n<\/article>\n","protected":false},"excerpt":{"rendered":"<p>La ministra de Seguridad,\u00a0Patricia Bullrich,\u00a0pidi\u00f3\u00a0este martes\u00a0que la Justicia expulse del pa\u00eds a los extranjeros que no tienen residencia y que<\/p>\n","protected":false},"author":1,"featured_media":11240,"comment_status":"closed","ping_status":"closed","sticky":false,"template":"","format":"standard","meta":{"footnotes":"","jetpack_publicize_message":"","jetpack_publicize_feature_enabled":true,"jetpack_social_post_already_shared":true,"jetpack_social_options":{"image_generator_settings":{"template":"highway","enabled":false},"version":2}},"categories":[4],"tags":[],"class_list":["post-11239","post","type-post","status-publish","format-standard","has-post-thumbnail","hentry","category-nacionales"],"jetpack_publicize_connections":[],"_links":{"self":[{"href":"https:\/\/diariorepublica.com.ar\/web\/index.php\/wp-json\/wp\/v2\/posts\/11239"}],"collection":[{"href":"https:\/\/diariorepublica.com.ar\/web\/index.php\/wp-json\/wp\/v2\/posts"}],"about":[{"href":"https:\/\/diariorepublica.com.ar\/web\/index.php\/wp-json\/wp\/v2\/types\/post"}],"author":[{"embeddable":true,"href":"https:\/\/diariorepublica.com.ar\/web\/index.php\/wp-json\/wp\/v2\/users\/1"}],"replies":[{"embeddable":true,"href":"https:\/\/diariorepublica.com.ar\/web\/index.php\/wp-json\/wp\/v2\/comments?post=11239"}],"version-history":[{"count":1,"href":"https:\/\/diariorepublica.com.ar\/web\/index.php\/wp-json\/wp\/v2\/posts\/11239\/revisions"}],"predecessor-version":[{"id":11241,"href":"https:\/\/diariorepublica.com.ar\/web\/index.php\/wp-json\/wp\/v2\/posts\/11239\/revisions\/11241"}],"wp:featuredmedia":[{"embeddable":true,"href":"https:\/\/diariorepublica.com.ar\/web\/index.php\/wp-json\/wp\/v2\/media\/11240"}],"wp:attachment":[{"href":"https:\/\/diariorepublica.com.ar\/web\/index.php\/wp-json\/wp\/v2\/media?parent=11239"}],"wp:term":[{"taxonomy":"category","embeddable":true,"href":"https:\/\/diariorepublica.com.ar\/web\/index.php\/wp-json\/wp\/v2\/categories?post=11239"},{"taxonomy":"post_tag","embeddable":true,"href":"https:\/\/diariorepublica.com.ar\/web\/index.php\/wp-json\/wp\/v2\/tags?post=11239"}],"curies":[{"name":"wp","href":"https:\/\/api.w.org\/{rel}","templated":true}]}}