{"id":11245,"date":"2024-01-16T18:07:00","date_gmt":"2024-01-16T21:07:00","guid":{"rendered":"https:\/\/diariorepublica.com.ar\/web\/?p=11245"},"modified":"2024-01-16T19:08:39","modified_gmt":"2024-01-16T22:08:39","slug":"kristalina-georgieva-elogio-las-politicas-economicas-de-milei-hasta-ahora-todo-va-bien","status":"publish","type":"post","link":"https:\/\/diariorepublica.com.ar\/web\/index.php\/internacionales\/2024\/01\/16\/kristalina-georgieva-elogio-las-politicas-economicas-de-milei-hasta-ahora-todo-va-bien\/","title":{"rendered":"Kristalina Georgieva elogi\u00f3 las pol\u00edticas econ\u00f3micas de Milei: \u00abHasta ahora todo va bien\u00bb"},"content":{"rendered":"<p>La directora gerente del Fondo Monetario Internacional (FMI), Kristalina Georgieva,\u00a0expres\u00f3 este martes en el Foro Econ\u00f3mico Mundial de Davos que, desde el organismo, se observan \u00abprogresos en todos los frentes\u00bb de la econom\u00eda argentina desde que asumi\u00f3 el presidente Javier Milei.<\/p>\n<p>Consultada por las medidas que tom\u00f3 el presidente argentino, Georgieva respondi\u00f3: \u00abHasta ahora, todo bien\u00bb.<\/p>\n<p>\u00abLo que esta administraci\u00f3n est\u00e1 haciendo es corregir de forma muy agresiva algunas de las deficiencias que todos vemos. En lo fiscal, se gasta m\u00e1s de lo que se puede. Las reservas est\u00e1n vac\u00edas. As\u00ed que estamos viendo progresos en todos estos frentes\u00bb, indic\u00f3 a la agencia Bloomberg.<\/p>\n<p>Este martes el ministro de Econom\u00eda Luis Caputo y el jefe de Gabinete Nicol\u00e1s Posse mantuvieron una primera reuni\u00f3n preliminar en Suiza, antes de la cumbre entre Georgieva y Milei, con la subdirectora gerente Gita Gopinath.<\/p>\n<p>El FMI lleg\u00f3 a un acuerdo con el Gobierno argentino sobre la s\u00e9ptima revisi\u00f3n en el marco del acuerdo del Programa de Facilidades Extendidas (SAF), lo que le permitir\u00e1 al pa\u00eds tener acceso a un desembolso de US$4.700 millones.<\/p>\n<p>El entendimiento (staff level agreement) deber\u00e1 ser aprobado en las pr\u00f3ximas semanas por el Directorio Ejecutivo del organismo multilateral.<\/p>\n<p>Georgieva afirm\u00f3 que al FMI le interesa \u00abprofundamente\u00bb que Argentina proteja a la poblaci\u00f3n m\u00e1s vulnerable mientras prosigue con sus \u00abreformas muy audaces\u00bb.<\/p>\n<p>Con informaci\u00f3n de T\u00e9lam. Foto: AFP.<\/p>\n","protected":false},"excerpt":{"rendered":"<p>La directora gerente del Fondo Monetario Internacional (FMI), Kristalina Georgieva,\u00a0expres\u00f3 este martes en el Foro Econ\u00f3mico Mundial de Davos que,<\/p>\n","protected":false},"author":1,"featured_media":11246,"comment_status":"closed","ping_status":"closed","sticky":false,"template":"","format":"standard","meta":{"footnotes":"","jetpack_publicize_message":"","jetpack_publicize_feature_enabled":true,"jetpack_social_post_already_shared":true,"jetpack_social_options":{"image_generator_settings":{"template":"highway","enabled":false},"version":2}},"categories":[6],"tags":[],"class_list":["post-11245","post","type-post","status-publish","format-standard","has-post-thumbnail","hentry","category-internacionales"],"jetpack_publicize_connections":[],"_links":{"self":[{"href":"https:\/\/diariorepublica.com.ar\/web\/index.php\/wp-json\/wp\/v2\/posts\/11245"}],"collection":[{"href":"https:\/\/diariorepublica.com.ar\/web\/index.php\/wp-json\/wp\/v2\/posts"}],"about":[{"href":"https:\/\/diariorepublica.com.ar\/web\/index.php\/wp-json\/wp\/v2\/types\/post"}],"author":[{"embeddable":true,"href":"https:\/\/diariorepublica.com.ar\/web\/index.php\/wp-json\/wp\/v2\/users\/1"}],"replies":[{"embeddable":true,"href":"https:\/\/diariorepublica.com.ar\/web\/index.php\/wp-json\/wp\/v2\/comments?post=11245"}],"version-history":[{"count":1,"href":"https:\/\/diariorepublica.com.ar\/web\/index.php\/wp-json\/wp\/v2\/posts\/11245\/revisions"}],"predecessor-version":[{"id":11247,"href":"https:\/\/diariorepublica.com.ar\/web\/index.php\/wp-json\/wp\/v2\/posts\/11245\/revisions\/11247"}],"wp:featuredmedia":[{"embeddable":true,"href":"https:\/\/diariorepublica.com.ar\/web\/index.php\/wp-json\/wp\/v2\/media\/11246"}],"wp:attachment":[{"href":"https:\/\/diariorepublica.com.ar\/web\/index.php\/wp-json\/wp\/v2\/media?parent=11245"}],"wp:term":[{"taxonomy":"category","embeddable":true,"href":"https:\/\/diariorepublica.com.ar\/web\/index.php\/wp-json\/wp\/v2\/categories?post=11245"},{"taxonomy":"post_tag","embeddable":true,"href":"https:\/\/diariorepublica.com.ar\/web\/index.php\/wp-json\/wp\/v2\/tags?post=11245"}],"curies":[{"name":"wp","href":"https:\/\/api.w.org\/{rel}","templated":true}]}}