{"id":11259,"date":"2024-01-16T17:17:00","date_gmt":"2024-01-16T20:17:00","guid":{"rendered":"https:\/\/diariorepublica.com.ar\/web\/?p=11259"},"modified":"2024-01-16T19:18:54","modified_gmt":"2024-01-16T22:18:54","slug":"carilo-dramatica-busqueda-de-dos-kayakistas-que-se-metieron-al-mar-para-pescar-2","status":"publish","type":"post","link":"https:\/\/diariorepublica.com.ar\/web\/index.php\/nacionales\/2024\/01\/16\/carilo-dramatica-busqueda-de-dos-kayakistas-que-se-metieron-al-mar-para-pescar-2\/","title":{"rendered":"Caril\u00f3: dram\u00e1tica b\u00fasqueda de dos kayakistas que se metieron al mar para pescar"},"content":{"rendered":"<article id=\"article-post\" class=\"first\">\n<div class=\"cuerpo\" data-twitter-link=\"https:\/\/twitter.com\/intent\/tweet?url=https:\/\/www.diariopopular.com.ar\/c767483&amp;via=poopulardiario&amp;related=Popular&amp;text=\">\n<p>Prefectura Naval Argentina, Polic\u00eda bonaerense, Guardavidas y la Secretar\u00eda de Seguridad de la localidad de Pinamar continuaban este martes la b\u00fasqueda de dos hombres que ingresaron en la madrugada del domingo pasado al mar en kayak a la altura de la playa de Caril\u00f3.<\/p>\n<\/div>\n<\/article>\n<article id=\"article-post\">\n<div class=\"cuerpo\" data-twitter-link=\"https:\/\/twitter.com\/intent\/tweet?url=https:\/\/www.diariopopular.com.ar\/c767483&amp;via=poopulardiario&amp;related=Popular&amp;text=\">\n<p>Un guardacosta, un helic\u00f3ptero, gomones, motos de agua y hasta la participaci\u00f3n de drones forman parte del operativo a partir del cual se busca en forma coordinada a Ram\u00f3n Roman, de 56 a\u00f1os, y Gabriel Raimann, de 37, quienes ingresaron al mar en la madrugada del domingo a la altura de la playa de Caril\u00f3 en un kayak color rojo\/naranja, con motor, seg\u00fan consta en la denuncia realizada por un hijo de una de las dos personas desaparecidas.<\/p>\n<p>De la pesquisa se sabe que Raimann y Rom\u00e1n, este \u00faltimo vecino de Pinamar, llegaron al sector de playa con una Toyota Hilux, color negra, a metros de la bajada Robles, con el kayak y ya con los chalecos salvavidas colocados se adentraron en el mar.<\/p>\n<p>En un comunicado de prensa, el Ministerio de Seguridad de la Naci\u00f3n precis\u00f3 que\u00a0<strong>\u00abla Prefectura Naval Argentina, desde el primer momento, est\u00e1 colaborando en la b\u00fasqueda de personas extraviadas en Valeria del Mar, a partir de un aviso realizado por la Polic\u00eda provincial. Siguiendo el protocolo, la Fuerza Federal dispuso una operaci\u00f3n por tierra, mar y aire\u00bb<\/strong>.<\/p>\n<p><strong>\u00abEl patrullaje, a cargo de especialistas del Operativo Verano 2024, despliega m\u00f3viles y personal en la franja costera, moto de agua con nadador de rescate, guardacostas y el avistaje v\u00eda helic\u00f3ptero sujeto a condiciones hidrometeorol\u00f3gicas y de visibilidad\u00bb<\/strong>, indic\u00f3 la cartera nacional en su cuenta de X (ex Twitter).<\/p>\n<p>Del operativo de b\u00fasqueda, desarrollado entre el partido de la Costa y el distrito de Villa Gesell, participa personal de la Polic\u00eda de Seguridad; Jefaturas Comunales Pinamar, Villa Gesell y La Costa -cada uno lleva a cabo rastrillajes y b\u00fasqueda en \u00e1mbito jurisdiccional correspondiente-; delegaci\u00f3n de Bomberos de Costa del Este y Caril\u00f3; Drones del \u00c1rea de Comunicaciones de la polic\u00eda de la provincia; personal de la Delegaci\u00f3n Departamental de Investigaciones en Funci\u00f3n Judicial y el Escuadr\u00f3n Caballer\u00eda Pinamar.<\/p>\n<div id=\"embed28_wrap\" class=\"embed_cont type_freetext\" contenteditable=\"false\">\n<div id=\"embed28_content\" class=\"embed_content\">\n<div id=\"embed28_embed\">\n<div class=\"twitter-tweet twitter-tweet-rendered\"><iframe id=\"twitter-widget-0\" class=\"\" title=\"X Post\" src=\"https:\/\/platform.twitter.com\/embed\/Tweet.html?creatorScreenName=diariopopular&amp;dnt=false&amp;embedId=twitter-widget-0&amp;features=eyJ0ZndfdGltZWxpbmVfbGlzdCI6eyJidWNrZXQiOltdLCJ2ZXJzaW9uIjpudWxsfSwidGZ3X2ZvbGxvd2VyX2NvdW50X3N1bnNldCI6eyJidWNrZXQiOnRydWUsInZlcnNpb24iOm51bGx9LCJ0ZndfdHdlZXRfZWRpdF9iYWNrZW5kIjp7ImJ1Y2tldCI6Im9uIiwidmVyc2lvbiI6bnVsbH0sInRmd19yZWZzcmNfc2Vzc2lvbiI6eyJidWNrZXQiOiJvbiIsInZlcnNpb24iOm51bGx9LCJ0ZndfZm9zbnJfc29mdF9pbnRlcnZlbnRpb25zX2VuYWJsZWQiOnsiYnVja2V0Ijoib24iLCJ2ZXJzaW9uIjpudWxsfSwidGZ3X21peGVkX21lZGlhXzE1ODk3Ijp7ImJ1Y2tldCI6InRyZWF0bWVudCIsInZlcnNpb24iOm51bGx9LCJ0ZndfZXhwZXJpbWVudHNfY29va2llX2V4cGlyYXRpb24iOnsiYnVja2V0IjoxMjA5NjAwLCJ2ZXJzaW9uIjpudWxsfSwidGZ3X3Nob3dfYmlyZHdhdGNoX3Bpdm90c19lbmFibGVkIjp7ImJ1Y2tldCI6Im9uIiwidmVyc2lvbiI6bnVsbH0sInRmd19kdXBsaWNhdGVfc2NyaWJlc190b19zZXR0aW5ncyI6eyJidWNrZXQiOiJvbiIsInZlcnNpb24iOm51bGx9LCJ0ZndfdXNlX3Byb2ZpbGVfaW1hZ2Vfc2hhcGVfZW5hYmxlZCI6eyJidWNrZXQiOiJvbiIsInZlcnNpb24iOm51bGx9LCJ0ZndfdmlkZW9faGxzX2R5bmFtaWNfbWFuaWZlc3RzXzE1MDgyIjp7ImJ1Y2tldCI6InRydWVfYml0cmF0ZSIsInZlcnNpb24iOm51bGx9LCJ0ZndfbGVnYWN5X3RpbWVsaW5lX3N1bnNldCI6eyJidWNrZXQiOnRydWUsInZlcnNpb24iOm51bGx9LCJ0ZndfdHdlZXRfZWRpdF9mcm9udGVuZCI6eyJidWNrZXQiOiJvbiIsInZlcnNpb24iOm51bGx9fQ%3D%3D&amp;frame=false&amp;hideCard=false&amp;hideThread=false&amp;id=1747267538051018773&amp;lang=en&amp;origin=https%3A%2F%2Fwww.diariopopular.com.ar%2Fpoliciales%2Fcarilo-dramatica-busqueda-dos-kayakistas-que-se-metieron-al-mar-pescar-n767483&amp;sessionId=e3f756619ee7d76df59be7c008cfc85ee40ba6c8&amp;siteScreenName=diariopopular&amp;theme=light&amp;widgetsVersion=2615f7e52b7e0%3A1702314776716&amp;width=550px\" frameborder=\"0\" scrolling=\"no\" allowfullscreen=\"allowfullscreen\" data-tweet-id=\"1747267538051018773\" data-gtm-yt-inspected-11=\"true\" data-mce-fragment=\"1\"><\/iframe><\/div>\n<\/div>\n<\/div>\n<div id=\"embed28_epigrafe\" class=\"embed_epigrafe\"><\/div>\n<div id=\"embed28_copyright\" class=\"embed_copyright\"><\/div>\n<\/div>\n<h6><strong>Qui\u00e9nes son los dos amigos desaparecidos<\/strong><\/h6>\n<p>Se trata de Ram\u00f3n Rom\u00e1n, de 56 a\u00f1os, y Gabriel Raimann, de 38, el primero oriundo del partido de Pinamar y el segundo de Misiones, seg\u00fan se inform\u00f3.<\/p>\n<p>Seg\u00fan lo que le comentaron familiares de ambos a diferentes medios, los dos kayakistas se conoc\u00edan hace poco, pero en poco tiempo\u00a0<strong>\u201cse hicieron muy amigos\u201d.\u00a0<\/strong>Por otro lado,\u00a0<strong>no contaban con la experiencia necesaria para pescar mar adentro<\/strong>.<\/p>\n<div id=\"688933-Libre-145943212_wrap\" class=\"embed_cont type_imagen\" contenteditable=\"false\"><\/div>\n<\/div>\n<\/article>\n","protected":false},"excerpt":{"rendered":"<p>Prefectura Naval Argentina, Polic\u00eda bonaerense, Guardavidas y la Secretar\u00eda de Seguridad de la localidad de Pinamar continuaban este martes la<\/p>\n","protected":false},"author":1,"featured_media":11260,"comment_status":"closed","ping_status":"closed","sticky":false,"template":"","format":"standard","meta":{"footnotes":"","jetpack_publicize_message":"","jetpack_publicize_feature_enabled":true,"jetpack_social_post_already_shared":true,"jetpack_social_options":{"image_generator_settings":{"template":"highway","enabled":false},"version":2}},"categories":[4],"tags":[],"class_list":["post-11259","post","type-post","status-publish","format-standard","has-post-thumbnail","hentry","category-nacionales"],"jetpack_publicize_connections":[],"_links":{"self":[{"href":"https:\/\/diariorepublica.com.ar\/web\/index.php\/wp-json\/wp\/v2\/posts\/11259"}],"collection":[{"href":"https:\/\/diariorepublica.com.ar\/web\/index.php\/wp-json\/wp\/v2\/posts"}],"about":[{"href":"https:\/\/diariorepublica.com.ar\/web\/index.php\/wp-json\/wp\/v2\/types\/post"}],"author":[{"embeddable":true,"href":"https:\/\/diariorepublica.com.ar\/web\/index.php\/wp-json\/wp\/v2\/users\/1"}],"replies":[{"embeddable":true,"href":"https:\/\/diariorepublica.com.ar\/web\/index.php\/wp-json\/wp\/v2\/comments?post=11259"}],"version-history":[{"count":1,"href":"https:\/\/diariorepublica.com.ar\/web\/index.php\/wp-json\/wp\/v2\/posts\/11259\/revisions"}],"predecessor-version":[{"id":11261,"href":"https:\/\/diariorepublica.com.ar\/web\/index.php\/wp-json\/wp\/v2\/posts\/11259\/revisions\/11261"}],"wp:featuredmedia":[{"embeddable":true,"href":"https:\/\/diariorepublica.com.ar\/web\/index.php\/wp-json\/wp\/v2\/media\/11260"}],"wp:attachment":[{"href":"https:\/\/diariorepublica.com.ar\/web\/index.php\/wp-json\/wp\/v2\/media?parent=11259"}],"wp:term":[{"taxonomy":"category","embeddable":true,"href":"https:\/\/diariorepublica.com.ar\/web\/index.php\/wp-json\/wp\/v2\/categories?post=11259"},{"taxonomy":"post_tag","embeddable":true,"href":"https:\/\/diariorepublica.com.ar\/web\/index.php\/wp-json\/wp\/v2\/tags?post=11259"}],"curies":[{"name":"wp","href":"https:\/\/api.w.org\/{rel}","templated":true}]}}