{"id":11271,"date":"2024-01-16T17:24:00","date_gmt":"2024-01-16T20:24:00","guid":{"rendered":"https:\/\/diariorepublica.com.ar\/web\/?p=11271"},"modified":"2024-01-16T19:26:07","modified_gmt":"2024-01-16T22:26:07","slug":"boca-negocia-con-el-milan-para-traer-a-prestamo-a-luka-romero","status":"publish","type":"post","link":"https:\/\/diariorepublica.com.ar\/web\/index.php\/deportes\/2024\/01\/16\/boca-negocia-con-el-milan-para-traer-a-prestamo-a-luka-romero\/","title":{"rendered":"Boca negocia con el Milan para traer a pr\u00e9stamo a Luka Romero"},"content":{"rendered":"<p>Boca\u00a0sue\u00f1a con dar el golpe del mercado de pases con un joven argentino que juega en Europa y supo brillar con la camiseta de la Selecci\u00f3n argentina.<\/p>\n<p>Se trata de\u00a0Luka Romero,\u00a0<strong>futbolista por el que el Xeneize negocia con el Milan<\/strong>, club due\u00f1o de su ficha, para una cesi\u00f3n.<\/p>\n<p>En principio, el chico, de 19 a\u00f1os,\u00a0<strong>habr\u00eda otorgado el s\u00ed para integrarse al club de la Ribera<\/strong>, cuando estaba a punto de pasar al\u00a0<strong>Como de la Serie B de Italia.<\/strong><\/p>\n<p>Ahora la dirigencia de Boca deber\u00e1 iniciar la negociaci\u00f3n con las autoridades de Mil\u00e1n por el jugador que aceptar\u00eda jugar por primera vez en nuestro f\u00fatbol para estar cerca de\u00a0<strong>\u00abun eventual llamado al seleccionado argentino<\/strong>\u00ab, seg\u00fan reflej\u00f3 la prensa italiana.<\/p>\n<p>Luka naci\u00f3 en la ciudad<strong>\u00a0mexicana de Durango y es hijo de Diego,<\/strong>\u00a0ex futbolista de Quilmes que pas\u00f3 por M\u00e9xico, Eslovenia y Ecuador.<\/p>\n<p>El juvenil, que adopt\u00f3 desde temprano la ciudadan\u00eda argentina,\u00a0<strong>debut\u00f3 en el Mallorca,<\/strong>\u00a0donde hizo las divisiones formativas. Luego pas\u00f3 a<strong>\u00a0Lazio de Italia.<\/strong><\/p>\n<p>Luka represent\u00f3 al\u00a0<strong>seleccionado albiceleste Sub 15 en el Sudamericano de la categor\u00eda en la edici\u00f3n 2019.<\/strong>\u00a0Tambi\u00e9n particip\u00f3 del<strong>\u00a0Mundial Sub 20, que se jug\u00f3 en la Argentina<\/strong>, en donde el equipo del DT Javier Mascherano result\u00f3 eliminado en octavos de final (2023).<\/p>\n<p>En marzo de 2022, el atacante fue convocado por el DT Lionel Scaloni para el seleccionado argentino absoluto que disput\u00f3 dos encuentros de eliminatorias ante\u00a0<strong>Venezuela y Ecuador<\/strong>, de cara al Mundial de Qatar. Sin embargo,\u00a0<strong>el pibe no vio minutos en ninguno de los dos cotejos.<\/strong><\/p>\n<p>Despu\u00e9s de jugar en Lazio, el jugador fue adquirido por Milan, donde arranc\u00f3 jugando,\u00a0<strong>pero en los \u00faltimos meses el entrenador St\u00e9fano Pioli casi no le dio rodaje.\u00a0<\/strong><\/p>\n","protected":false},"excerpt":{"rendered":"<p>Boca\u00a0sue\u00f1a con dar el golpe del mercado de pases con un joven argentino que juega en Europa y supo brillar<\/p>\n","protected":false},"author":1,"featured_media":11272,"comment_status":"closed","ping_status":"closed","sticky":false,"template":"","format":"standard","meta":{"footnotes":"","jetpack_publicize_message":"","jetpack_publicize_feature_enabled":true,"jetpack_social_post_already_shared":true,"jetpack_social_options":{"image_generator_settings":{"template":"highway","enabled":false},"version":2}},"categories":[9],"tags":[],"class_list":["post-11271","post","type-post","status-publish","format-standard","has-post-thumbnail","hentry","category-deportes"],"jetpack_publicize_connections":[],"_links":{"self":[{"href":"https:\/\/diariorepublica.com.ar\/web\/index.php\/wp-json\/wp\/v2\/posts\/11271"}],"collection":[{"href":"https:\/\/diariorepublica.com.ar\/web\/index.php\/wp-json\/wp\/v2\/posts"}],"about":[{"href":"https:\/\/diariorepublica.com.ar\/web\/index.php\/wp-json\/wp\/v2\/types\/post"}],"author":[{"embeddable":true,"href":"https:\/\/diariorepublica.com.ar\/web\/index.php\/wp-json\/wp\/v2\/users\/1"}],"replies":[{"embeddable":true,"href":"https:\/\/diariorepublica.com.ar\/web\/index.php\/wp-json\/wp\/v2\/comments?post=11271"}],"version-history":[{"count":1,"href":"https:\/\/diariorepublica.com.ar\/web\/index.php\/wp-json\/wp\/v2\/posts\/11271\/revisions"}],"predecessor-version":[{"id":11273,"href":"https:\/\/diariorepublica.com.ar\/web\/index.php\/wp-json\/wp\/v2\/posts\/11271\/revisions\/11273"}],"wp:featuredmedia":[{"embeddable":true,"href":"https:\/\/diariorepublica.com.ar\/web\/index.php\/wp-json\/wp\/v2\/media\/11272"}],"wp:attachment":[{"href":"https:\/\/diariorepublica.com.ar\/web\/index.php\/wp-json\/wp\/v2\/media?parent=11271"}],"wp:term":[{"taxonomy":"category","embeddable":true,"href":"https:\/\/diariorepublica.com.ar\/web\/index.php\/wp-json\/wp\/v2\/categories?post=11271"},{"taxonomy":"post_tag","embeddable":true,"href":"https:\/\/diariorepublica.com.ar\/web\/index.php\/wp-json\/wp\/v2\/tags?post=11271"}],"curies":[{"name":"wp","href":"https:\/\/api.w.org\/{rel}","templated":true}]}}