{"id":11277,"date":"2024-01-16T17:28:00","date_gmt":"2024-01-16T20:28:00","guid":{"rendered":"https:\/\/diariorepublica.com.ar\/web\/?p=11277"},"modified":"2024-01-16T19:30:19","modified_gmt":"2024-01-16T22:30:19","slug":"la-rioja-entro-a-la-legislatura-el-proyecto-para-emitir-cuasimonedas-por-15-000-millones","status":"publish","type":"post","link":"https:\/\/diariorepublica.com.ar\/web\/index.php\/politica\/2024\/01\/16\/la-rioja-entro-a-la-legislatura-el-proyecto-para-emitir-cuasimonedas-por-15-000-millones\/","title":{"rendered":"La Rioja: entr\u00f3 a la legislatura el proyecto para emitir cuasimonedas por $15.000 millones"},"content":{"rendered":"<article class=\"article-body article-body--first-paragraph content-protected-false\" data-td-script-src=\"https:\/\/www.ambito.com\/td\/modulos\/encuestas\/js\/function-embeds-min-version-1705378059.js\">El gobernador riojano\u00a0<strong>Ricardo Quintela\u00a0<\/strong>envi\u00f3 esta tarde al Congreso provincial el proyecto, al que accedi\u00f3 en exclusiva\u00a0<strong>\u00c1mbito<\/strong>, para que\u00a0la provincia pueda\u00a0<strong>emitir<\/strong>\u00a0su\u00a0<strong>moneda<\/strong>\u00a0<strong>propia<\/strong>. \u00abNo quiero que la gente nuestra\u00a0<strong>se muera de hambre\u00bb<\/strong>, dijo el mandatario sobre este tema, al adelantar la posibilidad de la\u00a0<strong>cuasimoneda<\/strong>.<\/p>\n<\/article>\n<article class=\"article-body article-body--second-paragraph content-protected-false\">\u00abLa moneda funcionar\u00eda con\u00a0<strong>un porcentaje en efectivo y un porcentaje en bono<\/strong>. Esos bonos se los recibe la provincia para el<strong>\u00a0pago de los servicios, impuestos y tasas<\/strong>. En cuanto al comercio hay que acordar con la<strong>\u00a0C\u00e1mara de Comercio\u00a0<\/strong>para que reciba esta moneda como forma de pago\u00bb, explic\u00f3 m\u00e1s tarde sobre este punto.<\/p>\n<p>El gobernador dijo que la crisis que lo lleva a impulsar esta iniciativa surge a partir de la decisi\u00f3n de<strong>\u00a0Javier Milei\u00a0<\/strong>de prorrogar el\u00a0<strong>Presupuesto\u00a0<\/strong>del a\u00f1o pasado, lo que provoc\u00f3 que la\u00a0<strong>inflaci\u00f3n<\/strong>\u00a0anual licuara los\u00a0<strong>fondos<\/strong>\u00a0provinciales.\u00a0<strong>Quintela\u00a0<\/strong>adem\u00e1s cont\u00f3 que se encuentra\u00a0<strong>\u00abconversando con algunos gobernadores\u00bb\u00a0<\/strong>para poder llevar adelante \u00abuna\u00a0<strong>nueva ley de coparticipaci\u00f3n<\/strong>\u00ab.<\/p>\n<article class=\"article-body article-body--fourth-paragraph content-protected-false\">\n<h6>El proyecto para la moneda riojana entr\u00f3 a Diputados de la provincia<\/h6>\n<p>\u00abEn este contexto\u00a0<strong>no es una novedad<\/strong>\u00a0para la provincia la emisi\u00f3n de bonos, herramienta que recurri\u00f3 en diferentes momentos para\u00a0<strong>afrontar las crisis<\/strong>\u00a0producto de la imprevisi\u00f3n de los recursos coparticipables federales\u00bb, sostienen en la introducci\u00f3n del proyecto, el cual tiene\u00a0<strong>11 p\u00e1ginas\u00a0<\/strong>de extensi\u00f3n.<\/p>\n<\/article>\n<article class=\"article-body article-body--remaining-paragraph content-protected-false\">En esa l\u00ednea, repasan cu\u00e1les fueron las otras dos veces en las que la gesti\u00f3n riojana accedi\u00f3 a generar su propia moneda para sostener la situaci\u00f3n econ\u00f3mica nacional: \u00abLa primera emisi\u00f3n se remonta al gobierno de<strong>\u00a0Carlos Menem<\/strong>\u00a0en 1985 (Ley N\u00b0 4534) y la \u00faltima en el\u00a0<strong>a\u00f1o 2001<\/strong>\u00a0(Ley N\u00b0 7113) que respondieron sustancialmente a\u00a0<strong>cumplir<\/strong>\u00a0con\u00a0<strong>obligaciones salariales<\/strong>\u00a0y la prestaci\u00f3n de servicios\u00bb.<\/p>\n<p>\u00abEl presente proyecto que se propone a consideraci\u00f3n de la C\u00e1mara de Diputados, busca dotar a la provincia de una\u00a0<strong>herramienta<\/strong>\u00a0que combine las\u00a0<strong>nuevas<\/strong>\u00a0<strong>tecnolog\u00edas<\/strong>, con la impronta de la\u00a0<strong>realidad econ\u00f3mica\u00bb,<\/strong>\u00a0dice al final de la introducci\u00f3n.<\/p>\n<p>ambito.com<\/p>\n<\/article>\n<\/article>\n","protected":false},"excerpt":{"rendered":"<p>El gobernador riojano\u00a0Ricardo Quintela\u00a0envi\u00f3 esta tarde al Congreso provincial el proyecto, al que accedi\u00f3 en exclusiva\u00a0\u00c1mbito, para que\u00a0la provincia pueda\u00a0emitir\u00a0su\u00a0moneda\u00a0propia.<\/p>\n","protected":false},"author":1,"featured_media":11278,"comment_status":"closed","ping_status":"closed","sticky":false,"template":"","format":"standard","meta":{"footnotes":"","jetpack_publicize_message":"","jetpack_publicize_feature_enabled":true,"jetpack_social_post_already_shared":true,"jetpack_social_options":{"image_generator_settings":{"template":"highway","enabled":false},"version":2}},"categories":[12],"tags":[],"class_list":["post-11277","post","type-post","status-publish","format-standard","has-post-thumbnail","hentry","category-politica"],"jetpack_publicize_connections":[],"_links":{"self":[{"href":"https:\/\/diariorepublica.com.ar\/web\/index.php\/wp-json\/wp\/v2\/posts\/11277"}],"collection":[{"href":"https:\/\/diariorepublica.com.ar\/web\/index.php\/wp-json\/wp\/v2\/posts"}],"about":[{"href":"https:\/\/diariorepublica.com.ar\/web\/index.php\/wp-json\/wp\/v2\/types\/post"}],"author":[{"embeddable":true,"href":"https:\/\/diariorepublica.com.ar\/web\/index.php\/wp-json\/wp\/v2\/users\/1"}],"replies":[{"embeddable":true,"href":"https:\/\/diariorepublica.com.ar\/web\/index.php\/wp-json\/wp\/v2\/comments?post=11277"}],"version-history":[{"count":1,"href":"https:\/\/diariorepublica.com.ar\/web\/index.php\/wp-json\/wp\/v2\/posts\/11277\/revisions"}],"predecessor-version":[{"id":11279,"href":"https:\/\/diariorepublica.com.ar\/web\/index.php\/wp-json\/wp\/v2\/posts\/11277\/revisions\/11279"}],"wp:featuredmedia":[{"embeddable":true,"href":"https:\/\/diariorepublica.com.ar\/web\/index.php\/wp-json\/wp\/v2\/media\/11278"}],"wp:attachment":[{"href":"https:\/\/diariorepublica.com.ar\/web\/index.php\/wp-json\/wp\/v2\/media?parent=11277"}],"wp:term":[{"taxonomy":"category","embeddable":true,"href":"https:\/\/diariorepublica.com.ar\/web\/index.php\/wp-json\/wp\/v2\/categories?post=11277"},{"taxonomy":"post_tag","embeddable":true,"href":"https:\/\/diariorepublica.com.ar\/web\/index.php\/wp-json\/wp\/v2\/tags?post=11277"}],"curies":[{"name":"wp","href":"https:\/\/api.w.org\/{rel}","templated":true}]}}