{"id":1128,"date":"2023-04-10T08:43:00","date_gmt":"2023-04-10T11:43:00","guid":{"rendered":"https:\/\/diariorepublica.com.ar\/web\/?p=1128"},"modified":"2023-04-10T07:45:25","modified_gmt":"2023-04-10T10:45:25","slug":"el-triste-momento-personal-de-donato-de-santis","status":"publish","type":"post","link":"https:\/\/diariorepublica.com.ar\/web\/index.php\/espectaculos\/2023\/04\/10\/el-triste-momento-personal-de-donato-de-santis\/","title":{"rendered":"El triste momento personal de Donato de Santis"},"content":{"rendered":"<p>Donato de Santis est\u00e1 viviendo un domingo de Pascua diferente, signado por la tristeza. Es que le toc\u00f3 despedir a\u00a0su mam\u00e1 italiana, que resid\u00eda en Puglia\u00a0y falleci\u00f3 a los 93 a\u00f1os de vida.<\/p>\n<p>En 2021, el chef hab\u00eda hecho menci\u00f3n a la salud de su madre en una entrevista con Revista Pronto: \u00abElla est\u00e1 bien cuidada, pero se nota que est\u00e1 en su \u00faltimo tramo. Se va apagando despacito, muy dulcemente y es triste explicarlo porque uno quisiera hablar, en otros t\u00e9rminos. Pero yo soy bastante realista en estas cosas y la estamos acompa\u00f1ando como mejor podemos\u201d, hab\u00eda dicho en aquel momento.<\/p>\n<div>\n<div>\n<div>\n<p class=\"wysiwyg-custom_subtitle\"><strong>EL EMOTIVO POSTEO DE DONATO DE SANTIS PARA SU MAM\u00c1<\/strong><\/p>\n<\/div>\n<p>\u00abHoy me toca despedirme de mi Madre. Mamma, estoy muy feliz que vos hayas vivido para yo elegirte como madre\u00bb, comenz\u00f3 escribiendo el chef en un extenso posteo que public\u00f3 en su cuenta de Instagram con fotos de su Mar\u00eda.<\/p>\n<div>\n<p>\u00abSab\u00e9s que no te voy a llorar, porque vos viv\u00eds adentro de mi como una inapagable antorcha y seguir\u00e1s viviendo adentro de mis hijas y adentro de los hijos de ellas y as\u00ed hacia el infinito\u2026\u00bb, a\u00f1adi\u00f3 el chef. Donato viajaba todos los veranos a su pueblo natal para pasar varios meses junto a su madre y su familia italiana.<\/p>\n<div>\n<p>\u00abA veces me he preguntado a d\u00f3nde estar\u00e1n tus juguetes, cuales eran y si algunas vez los tuviste cuando eras ni\u00f1a\u2026 Voy a hacer que tu vida contin\u00fae adentro de la m\u00eda, como una misi\u00f3n, hecha de todo lo que me has ense\u00f1ado.\u00a0El amor inmenso que me dejaste apaga cada grito de dolor. Fuiste siempre un ser de luz en vida asi que no dudo que vas a brillar iluminada eternamente\u00bb, finaliz\u00f3.<\/p>\n<\/div>\n<\/div>\n<\/div>\n<\/div>\n","protected":false},"excerpt":{"rendered":"<p>Donato de Santis est\u00e1 viviendo un domingo de Pascua diferente, signado por la tristeza. Es que le toc\u00f3 despedir a\u00a0su<\/p>\n","protected":false},"author":1,"featured_media":1129,"comment_status":"closed","ping_status":"closed","sticky":false,"template":"","format":"standard","meta":{"footnotes":"","jetpack_publicize_message":"","jetpack_publicize_feature_enabled":true,"jetpack_social_post_already_shared":false,"jetpack_social_options":{"image_generator_settings":{"template":"highway","enabled":false},"version":2}},"categories":[7],"tags":[],"class_list":["post-1128","post","type-post","status-publish","format-standard","has-post-thumbnail","hentry","category-espectaculos"],"jetpack_publicize_connections":[],"_links":{"self":[{"href":"https:\/\/diariorepublica.com.ar\/web\/index.php\/wp-json\/wp\/v2\/posts\/1128"}],"collection":[{"href":"https:\/\/diariorepublica.com.ar\/web\/index.php\/wp-json\/wp\/v2\/posts"}],"about":[{"href":"https:\/\/diariorepublica.com.ar\/web\/index.php\/wp-json\/wp\/v2\/types\/post"}],"author":[{"embeddable":true,"href":"https:\/\/diariorepublica.com.ar\/web\/index.php\/wp-json\/wp\/v2\/users\/1"}],"replies":[{"embeddable":true,"href":"https:\/\/diariorepublica.com.ar\/web\/index.php\/wp-json\/wp\/v2\/comments?post=1128"}],"version-history":[{"count":1,"href":"https:\/\/diariorepublica.com.ar\/web\/index.php\/wp-json\/wp\/v2\/posts\/1128\/revisions"}],"predecessor-version":[{"id":1130,"href":"https:\/\/diariorepublica.com.ar\/web\/index.php\/wp-json\/wp\/v2\/posts\/1128\/revisions\/1130"}],"wp:featuredmedia":[{"embeddable":true,"href":"https:\/\/diariorepublica.com.ar\/web\/index.php\/wp-json\/wp\/v2\/media\/1129"}],"wp:attachment":[{"href":"https:\/\/diariorepublica.com.ar\/web\/index.php\/wp-json\/wp\/v2\/media?parent=1128"}],"wp:term":[{"taxonomy":"category","embeddable":true,"href":"https:\/\/diariorepublica.com.ar\/web\/index.php\/wp-json\/wp\/v2\/categories?post=1128"},{"taxonomy":"post_tag","embeddable":true,"href":"https:\/\/diariorepublica.com.ar\/web\/index.php\/wp-json\/wp\/v2\/tags?post=1128"}],"curies":[{"name":"wp","href":"https:\/\/api.w.org\/{rel}","templated":true}]}}