{"id":11289,"date":"2024-01-17T15:03:00","date_gmt":"2024-01-17T18:03:00","guid":{"rendered":"https:\/\/diariorepublica.com.ar\/web\/?p=11289"},"modified":"2024-01-17T16:05:18","modified_gmt":"2024-01-17T19:05:18","slug":"milei-se-reunio-con-la-reina-maxima-en-davos","status":"publish","type":"post","link":"https:\/\/diariorepublica.com.ar\/web\/index.php\/politica\/2024\/01\/17\/milei-se-reunio-con-la-reina-maxima-en-davos\/","title":{"rendered":"Milei se reuni\u00f3 con la reina M\u00e1xima en Davos"},"content":{"rendered":"<p>l presidente Javier Milei se reuni\u00f3 esta tarde con el primer ministro, Mark Rutte, y la reina M\u00e1xima de los Pa\u00edses Bajos. El encuentro fue en Davos, Suiza, donde se realiza el Foro Econ\u00f3mico Mundial.<\/p>\n<p>La informaci\u00f3n trascendi\u00f3 a trav\u00e9s de su cuenta oficial de X. Tambi\u00e9n participaron del encuentro secretaria General de la Presidencia, Karina Milei y el Embajador argentino ante los Estados Unidos, Gerardo Werthein.<\/p>\n<p>Milei expuso\u00a0este mediod\u00eda (hora de Argentina), ante l\u00edderes mundiales y empresarios, un discurso defendiendo fuertemente el capitalismo y contra \u201clas ideas colectivistas\u00bb.<\/p>\n<p>La semana pasada, el Gobierno nacional logr\u00f3 reflotar el acuerdo con el FMI de Facilidades Extendidas y tendr\u00e1, en los pr\u00f3ximos d\u00edas, un desembolso por US$4.700 millones.<\/p>\n<p>Antes de exponer ante establishment de Occidente, Milei\u00a0mantuvo un encuentro\u00a0con el secretario de Estado para Asuntos Exteriores del Reino Unido y ex primer ministro brit\u00e1nico, David Cameron.<\/p>\n","protected":false},"excerpt":{"rendered":"<p>l presidente Javier Milei se reuni\u00f3 esta tarde con el primer ministro, Mark Rutte, y la reina M\u00e1xima de los<\/p>\n","protected":false},"author":1,"featured_media":11290,"comment_status":"closed","ping_status":"closed","sticky":false,"template":"","format":"standard","meta":{"footnotes":"","jetpack_publicize_message":"","jetpack_publicize_feature_enabled":true,"jetpack_social_post_already_shared":true,"jetpack_social_options":{"image_generator_settings":{"template":"highway","enabled":false},"version":2}},"categories":[12],"tags":[],"class_list":["post-11289","post","type-post","status-publish","format-standard","has-post-thumbnail","hentry","category-politica"],"jetpack_publicize_connections":[],"_links":{"self":[{"href":"https:\/\/diariorepublica.com.ar\/web\/index.php\/wp-json\/wp\/v2\/posts\/11289"}],"collection":[{"href":"https:\/\/diariorepublica.com.ar\/web\/index.php\/wp-json\/wp\/v2\/posts"}],"about":[{"href":"https:\/\/diariorepublica.com.ar\/web\/index.php\/wp-json\/wp\/v2\/types\/post"}],"author":[{"embeddable":true,"href":"https:\/\/diariorepublica.com.ar\/web\/index.php\/wp-json\/wp\/v2\/users\/1"}],"replies":[{"embeddable":true,"href":"https:\/\/diariorepublica.com.ar\/web\/index.php\/wp-json\/wp\/v2\/comments?post=11289"}],"version-history":[{"count":1,"href":"https:\/\/diariorepublica.com.ar\/web\/index.php\/wp-json\/wp\/v2\/posts\/11289\/revisions"}],"predecessor-version":[{"id":11291,"href":"https:\/\/diariorepublica.com.ar\/web\/index.php\/wp-json\/wp\/v2\/posts\/11289\/revisions\/11291"}],"wp:featuredmedia":[{"embeddable":true,"href":"https:\/\/diariorepublica.com.ar\/web\/index.php\/wp-json\/wp\/v2\/media\/11290"}],"wp:attachment":[{"href":"https:\/\/diariorepublica.com.ar\/web\/index.php\/wp-json\/wp\/v2\/media?parent=11289"}],"wp:term":[{"taxonomy":"category","embeddable":true,"href":"https:\/\/diariorepublica.com.ar\/web\/index.php\/wp-json\/wp\/v2\/categories?post=11289"},{"taxonomy":"post_tag","embeddable":true,"href":"https:\/\/diariorepublica.com.ar\/web\/index.php\/wp-json\/wp\/v2\/tags?post=11289"}],"curies":[{"name":"wp","href":"https:\/\/api.w.org\/{rel}","templated":true}]}}