{"id":11326,"date":"2024-01-18T12:36:00","date_gmt":"2024-01-18T15:36:00","guid":{"rendered":"https:\/\/diariorepublica.com.ar\/web\/?p=11326"},"modified":"2024-01-18T17:09:06","modified_gmt":"2024-01-18T20:09:06","slug":"dnu-justicia-laboral-concede-recurso-extraordinario-al-ejecutivo-y-eleva-la-causa-a-la-corte-suprema","status":"publish","type":"post","link":"https:\/\/diariorepublica.com.ar\/web\/index.php\/politica\/2024\/01\/18\/dnu-justicia-laboral-concede-recurso-extraordinario-al-ejecutivo-y-eleva-la-causa-a-la-corte-suprema\/","title":{"rendered":"DNU: justicia laboral concede recurso extraordinario al Ejecutivo y eleva la causa a la Corte Suprema"},"content":{"rendered":"<article class=\"article-body article-body--first-paragraph content-protected-false\" data-td-script-src=\"https:\/\/www.ambito.com\/td\/modulos\/encuestas\/js\/function-embeds-min-version-1705550817.js\">La\u00a0<strong>C\u00e1mara Nacional de Trabajo<\/strong>\u00a0concedi\u00f3 el recurso extraordinario\u00a0presentado por el\u00a0<strong>Gobierno<\/strong>\u00a0y elevar\u00e1 a la\u00a0<strong>Corte Suprema<\/strong>\u00a0la causa de la CGT contra el DNU de Javier Milei.\u00a0Mientras tanto,\u00a0Casa Rosada confirm\u00f3 que se descontar\u00e1 el d\u00eda a los trabajadores estatales\u00a0que participen de la marcha y paro general del pr\u00f3ximo 24 de enero, convocada por la central obrera, en protesta contra las medidas econ\u00f3micas.<\/p>\n<\/article>\n<article class=\"article-body article-body--second-paragraph content-protected-false\">De este modo, ser\u00e1 el m\u00e1ximo tribunal de Justicia encabezado por\u00a0<strong>Horacio Rosatti\u00a0<\/strong>el encargado de definir la cuesti\u00f3n del cap\u00edtulo referido al trabajo,\u00a0<strong>en el marco del DNU de desregulaci\u00f3n de la econom\u00eda<\/strong>\u00a0enviado por el Presidente al Congreso hace un mes.<\/p>\n<p>Hasta aqu\u00ed, la\u00a0<strong>CGT<\/strong>\u00a0ya consigui\u00f3 el dictado de una medida cautelar que suspendi\u00f3 provisoriamente los efectos del\u00a0<strong>cap\u00edtulo laboral del DNU.<\/strong><\/p>\n<article class=\"article-body article-body--fourth-paragraph content-protected-false\">De este modo, la C\u00e1mara Nacional del Trabajo concedi\u00f3 la apelaci\u00f3n del Gobierno contra su propio fallo y lo hizo con efecto \u00abdevolutivo\u00bb, esto es que mientras se est\u00e1 a la espera de lo que resuelva la Corte Suprema de Justicia, la reforma laboral sigue suspendida.<\/p>\n<\/article>\n<article class=\"article-body article-body--remaining-paragraph content-protected-false\">Es un recurso extraordinario que interpuso la Procuraci\u00f3n del Tesoro contra la cautelar que fren\u00f3 las modificaciones laborales que\u00a0<strong>se fijaron en el DNU 70\/2023 del presidente Javier Milei.<\/strong><\/p>\n<p>La<strong>\u00a0CGT considera que el DNU 70\/2023 viola el principio de divisi\u00f3n de poderes<\/strong>\u00a0y establece una reforma laboral con modificaciones \u00abpeyorativas y permanentes\u00bb en los derechos de los trabajadores y sus organizaciones sindicales, garantizados por los tratados internacionales y la propia Constituci\u00f3n Nacional.<\/p>\n<p><strong>El pedido de habilitaci\u00f3n de feria hab\u00eda sido formulado esta ma\u00f1ana a trav\u00e9s de un escrito presentado por H\u00e9ctor Daer<\/strong>, en su car\u00e1cter del secretario General de la CGT, con el patrocinio del abogado Pablo Topet.<\/p>\n<p>\u00abSe viene a peticionar se habilite la feria judicial para proseguir con el tr\u00e1mite de la acci\u00f3n de amparo en virtud de la importancia institucional de la causa, en raz\u00f3n de la representaci\u00f3n colectiva que posee la Confederaci\u00f3n General del Trabajo\u00bb indica la presentaci\u00f3n.<\/p>\n<p>El cap\u00edtulo que objeta la principal representaci\u00f3n sindical de los asalariados de la Argentina contempla, entre otras cosas, la ampliaci\u00f3n del per\u00edodo de prueba hasta los ocho meses, la incorporaci\u00f3n de los bloqueos o tomas de establecimientos como causa de despido y cambios en el sistema de indemnizaciones.<\/p>\n<p>La jueza nacional del Trabajo\u00a0<strong>Silvia Garzini<\/strong>\u00a0habilit\u00f3 la feria judicial y le hab\u00eda concedido\u00a0<strong>72 horas al Poder Ejecutivo Nacional<\/strong>\u00a0para emitir su\u00a0<strong>informe\u00a0<\/strong>por la\u00a0<strong>acci\u00f3n de amparo<\/strong>\u00a0presentada por la\u00a0<strong>Confederaci\u00f3n General del Trabajo (CGT)\u00a0<\/strong>contra el cap\u00edtulo laboral del Decreto de Necesidad y Urgencia (DNU) de desregulaci\u00f3n econ\u00f3mica del presidente Javier Milei.<\/p>\n<p>La jueza dispuso \u00abrequerir al Poder Ejecutivo Nacional que en el plazo de 72 horas evacue el informe circunstanciado al que alude el art\u00edculo 8 de la ley 16.986\u00bb, seg\u00fan surge de la resoluci\u00f3n de tres p\u00e1ginas. Despu\u00e9s de cumplido el plazo fijado por la jueza, la magistrada estar\u00e1 en condiciones de dictar un fallo.<\/p>\n<\/article>\n<\/article>\n","protected":false},"excerpt":{"rendered":"<p>La\u00a0C\u00e1mara Nacional de Trabajo\u00a0concedi\u00f3 el recurso extraordinario\u00a0presentado por el\u00a0Gobierno\u00a0y elevar\u00e1 a la\u00a0Corte Suprema\u00a0la causa de la CGT contra el DNU<\/p>\n","protected":false},"author":1,"featured_media":11327,"comment_status":"closed","ping_status":"closed","sticky":false,"template":"","format":"standard","meta":{"footnotes":"","jetpack_publicize_message":"","jetpack_publicize_feature_enabled":true,"jetpack_social_post_already_shared":true,"jetpack_social_options":{"image_generator_settings":{"template":"highway","enabled":false},"version":2}},"categories":[12],"tags":[],"class_list":["post-11326","post","type-post","status-publish","format-standard","has-post-thumbnail","hentry","category-politica"],"jetpack_publicize_connections":[],"_links":{"self":[{"href":"https:\/\/diariorepublica.com.ar\/web\/index.php\/wp-json\/wp\/v2\/posts\/11326"}],"collection":[{"href":"https:\/\/diariorepublica.com.ar\/web\/index.php\/wp-json\/wp\/v2\/posts"}],"about":[{"href":"https:\/\/diariorepublica.com.ar\/web\/index.php\/wp-json\/wp\/v2\/types\/post"}],"author":[{"embeddable":true,"href":"https:\/\/diariorepublica.com.ar\/web\/index.php\/wp-json\/wp\/v2\/users\/1"}],"replies":[{"embeddable":true,"href":"https:\/\/diariorepublica.com.ar\/web\/index.php\/wp-json\/wp\/v2\/comments?post=11326"}],"version-history":[{"count":1,"href":"https:\/\/diariorepublica.com.ar\/web\/index.php\/wp-json\/wp\/v2\/posts\/11326\/revisions"}],"predecessor-version":[{"id":11328,"href":"https:\/\/diariorepublica.com.ar\/web\/index.php\/wp-json\/wp\/v2\/posts\/11326\/revisions\/11328"}],"wp:featuredmedia":[{"embeddable":true,"href":"https:\/\/diariorepublica.com.ar\/web\/index.php\/wp-json\/wp\/v2\/media\/11327"}],"wp:attachment":[{"href":"https:\/\/diariorepublica.com.ar\/web\/index.php\/wp-json\/wp\/v2\/media?parent=11326"}],"wp:term":[{"taxonomy":"category","embeddable":true,"href":"https:\/\/diariorepublica.com.ar\/web\/index.php\/wp-json\/wp\/v2\/categories?post=11326"},{"taxonomy":"post_tag","embeddable":true,"href":"https:\/\/diariorepublica.com.ar\/web\/index.php\/wp-json\/wp\/v2\/tags?post=11326"}],"curies":[{"name":"wp","href":"https:\/\/api.w.org\/{rel}","templated":true}]}}