{"id":11338,"date":"2024-01-18T06:13:00","date_gmt":"2024-01-18T09:13:00","guid":{"rendered":"https:\/\/diariorepublica.com.ar\/web\/?p=11338"},"modified":"2024-01-18T17:14:25","modified_gmt":"2024-01-18T20:14:25","slug":"bukele-lidera-la-intencion-de-voto-con-un-709-a-20-dias-de-las-elecciones-en-el-salvador","status":"publish","type":"post","link":"https:\/\/diariorepublica.com.ar\/web\/index.php\/internacionales\/2024\/01\/18\/bukele-lidera-la-intencion-de-voto-con-un-709-a-20-dias-de-las-elecciones-en-el-salvador\/","title":{"rendered":"Bukele lidera la intenci\u00f3n de voto con un 70,9% a 20 d\u00edas de las elecciones en El Salvador"},"content":{"rendered":"<p>El presidente de El Salvador, Nayib Bukele, ganar\u00eda la reelecci\u00f3n y dominar\u00eda casi por completo el Congreso en los comicios del 4 de febrero, asegur\u00f3 este martes una encuesta de la privada Universidad Francisco Gavidia (UFG).<\/p>\n<p>Bukele, con su partido Nuevas Ideas (NI), obtuvo un 70,9% de la intenci\u00f3n de voto, seg\u00fan la encuesta que tiene un margen de error del 2,8% y que fue realizada del 3 al 8 de enero con 1.904 personas.<\/p>\n<p>Relegados con un 2,9% figur\u00f3 el candidato de la exguerrilla del Frente Farabundo Mart\u00ed para la Liberaci\u00f3n Nacional (FMLN, izquierda), el exdiputado Manuel Flores.<\/p>\n<p>La derechista Alianza Republicana Nacionalista (Arena), con el empresario Joel S\u00e1nchez, figura con un 2,7%, y el candidato de Nuestro Tiempo (NT, centro) Luis Parada, con 1,1%.<\/p>\n<p>Otros dos postulantes juntos acaparan 1,2%. Un 21,2% se abstuvo de opinar o anul\u00f3 su voto.<\/p>\n<p>El FMLN y Arena dominaron la pol\u00edtica salvadore\u00f1a tras la guerra civil salvadore\u00f1a (1980-1992), hasta que Bukele en 2019 rompi\u00f3 ese bipartidismo al ganar la presidencia.<\/p>\n<p>En los comicios de febrero, con un padr\u00f3n de 6,2 millones de electores, tambi\u00e9n ser\u00e1 renovado el Congreso, que tendr\u00e1 60 diputados en vez de los actuales 84 que el oficialismo y sus aliados dominan, en virtud de una reforma a la ley electoral.<\/p>\n<p>La proyecci\u00f3n, seg\u00fan el sondeo, es que el partido Nuevas Ideas obtendr\u00eda 57 diputados, 2 Arena, y 1 el Partido Dem\u00f3crata Cristiano.<\/p>\n<p>Otra encuesta realizada en diciembre pasado por la jesuita Universidad Centroamericana (UCA) consign\u00f3 que siete de cada 10 salvadore\u00f1os est\u00e1n \u00abde acuerdo\u00bb con que Bukele sea candidato a la reelecci\u00f3n.<\/p>\n<p>El mandatario recibi\u00f3 el 30 de noviembre una licencia del Congreso por seis meses para lanzarse a la campa\u00f1a de reelecci\u00f3n en los venideros comicios.<\/p>\n<p>El respaldo popular masivo a Bukele se debe a que su \u00abguerra\u00bb contra las pandillas criminales llev\u00f3 tranquilidad a la poblaci\u00f3n, pero a costa de derechos civiles limitados por un r\u00e9gimen de excepci\u00f3n que rige desde marzo de 2022, seg\u00fan grupos de derechos humanos.<\/p>\n<p>Un pol\u00e9mico fallo de la corte constitucional facult\u00f3 a Bukele para postular a un segundo mandato consecutivo, aunque la carta magna salvadore\u00f1a no permit\u00eda la reelecci\u00f3n.<\/p>\n<p>Fuente: AFP.<\/p>\n","protected":false},"excerpt":{"rendered":"<p>El presidente de El Salvador, Nayib Bukele, ganar\u00eda la reelecci\u00f3n y dominar\u00eda casi por completo el Congreso en los comicios<\/p>\n","protected":false},"author":1,"featured_media":11339,"comment_status":"closed","ping_status":"closed","sticky":false,"template":"","format":"standard","meta":{"footnotes":"","jetpack_publicize_message":"","jetpack_publicize_feature_enabled":true,"jetpack_social_post_already_shared":true,"jetpack_social_options":{"image_generator_settings":{"template":"highway","enabled":false},"version":2}},"categories":[6],"tags":[],"class_list":["post-11338","post","type-post","status-publish","format-standard","has-post-thumbnail","hentry","category-internacionales"],"jetpack_publicize_connections":[],"_links":{"self":[{"href":"https:\/\/diariorepublica.com.ar\/web\/index.php\/wp-json\/wp\/v2\/posts\/11338"}],"collection":[{"href":"https:\/\/diariorepublica.com.ar\/web\/index.php\/wp-json\/wp\/v2\/posts"}],"about":[{"href":"https:\/\/diariorepublica.com.ar\/web\/index.php\/wp-json\/wp\/v2\/types\/post"}],"author":[{"embeddable":true,"href":"https:\/\/diariorepublica.com.ar\/web\/index.php\/wp-json\/wp\/v2\/users\/1"}],"replies":[{"embeddable":true,"href":"https:\/\/diariorepublica.com.ar\/web\/index.php\/wp-json\/wp\/v2\/comments?post=11338"}],"version-history":[{"count":1,"href":"https:\/\/diariorepublica.com.ar\/web\/index.php\/wp-json\/wp\/v2\/posts\/11338\/revisions"}],"predecessor-version":[{"id":11340,"href":"https:\/\/diariorepublica.com.ar\/web\/index.php\/wp-json\/wp\/v2\/posts\/11338\/revisions\/11340"}],"wp:featuredmedia":[{"embeddable":true,"href":"https:\/\/diariorepublica.com.ar\/web\/index.php\/wp-json\/wp\/v2\/media\/11339"}],"wp:attachment":[{"href":"https:\/\/diariorepublica.com.ar\/web\/index.php\/wp-json\/wp\/v2\/media?parent=11338"}],"wp:term":[{"taxonomy":"category","embeddable":true,"href":"https:\/\/diariorepublica.com.ar\/web\/index.php\/wp-json\/wp\/v2\/categories?post=11338"},{"taxonomy":"post_tag","embeddable":true,"href":"https:\/\/diariorepublica.com.ar\/web\/index.php\/wp-json\/wp\/v2\/tags?post=11338"}],"curies":[{"name":"wp","href":"https:\/\/api.w.org\/{rel}","templated":true}]}}