{"id":11341,"date":"2024-01-18T15:14:00","date_gmt":"2024-01-18T18:14:00","guid":{"rendered":"https:\/\/diariorepublica.com.ar\/web\/?p=11341"},"modified":"2024-01-18T17:15:48","modified_gmt":"2024-01-18T20:15:48","slug":"german-denis-visito-a-ezequiel-lavezzi-solo-necesitaba-recuperarse-con-su-familia","status":"publish","type":"post","link":"https:\/\/diariorepublica.com.ar\/web\/index.php\/sociedad\/2024\/01\/18\/german-denis-visito-a-ezequiel-lavezzi-solo-necesitaba-recuperarse-con-su-familia\/","title":{"rendered":"Germ\u00e1n Denis visit\u00f3 a Ezequiel Lavezzi: \u00abSolo necesitaba recuperarse con su familia\u00bb"},"content":{"rendered":"<div class=\"small-12\">\n<div class=\"main_media_container\">\n<div class=\"e-post-loading\">\n<div class=\"e-spinner\">\n<div class=\"rect1\"><span style=\"font-size: 15px;\">El ex delantero de Independiente y Lan\u00fas Germ\u00e1n Denis revel\u00f3 que visit\u00f3 a Ezequiel Lavezzi hace algunos d\u00edas para acompa\u00f1arlo en su tratamiento y que se encontraba \u00absano\u00bb, y agreg\u00f3 que \u00absolo necesitaba recuperarse junto a su familia\u00bb y \u00abrecuperar el equilibrio\u00bb.<\/span><\/div>\n<\/div>\n<\/div>\n<\/div>\n<\/div>\n<div class=\"small-12 medium-12 large-12 columns \">\n<div class=\"e-post-text\">\n<p>Denis y Lavezzi forjaron una gran relaci\u00f3n durante sus a\u00f1os de futbolistas, ya que ambos compartieron plantel en el tiempo que jugaron juntos e<strong>n el Napoli entre los a\u00f1os 2008 y 2010,<\/strong>\u00a0y tambi\u00e9n fueron compa\u00f1eros en la Selecci\u00f3n argentina para afrontar las Eliminatorias Sudamericanas rumbo al Mundial Sud\u00e1frica 2010.<\/p>\n<p>\u00abEstuve con \u00e9l en Argentina hace dos semanas y solo necesita recuperarse y pasar un rato con su familia, recuperar el equilibrio\u00bb, expres\u00f3 Denis sobre su visita a Lavezzi, quien se encuentra internado bajo un tratamiento, seg\u00fan revel\u00f3 su hijo hace unas semanas.<\/p>\n<p>Y tambi\u00e9n atac\u00f3 a los cr\u00edticos:\u00a0<strong>\u00abSobre Pocho se han dicho muchas falsedades, es una buena persona<\/strong>\u00a0y est\u00e1 sano: podr\u00e1 recuperarse con su car\u00e1cter, porque es un chico inteligente. Poco a poco sus cualidades ir\u00e1n aflorando y volver\u00e1 a la grandeza, su familia est\u00e1 cerca de \u00e9l y realmente necesita a las personas que lo aman\u00bb.<\/p>\n<p><strong>Qu\u00e9 le pas\u00f3 a Lavezzi<\/strong><\/p>\n<p>El ex jugador de la Selecci\u00f3n,\u00a0Ezequiel \u00abPocho\u00bb Lavezzi, firm\u00f3 el consentimiento a su familia para ser trasladado a una cl\u00ednica de salud mental del barrio porte\u00f1o de Boedo.<\/p>\n<p>El futbolista hab\u00eda tenido una reca\u00edda en su lucha contra las adicciones y termin\u00f3 internado en terapia intensiva del\u00a0Sanatorio Zavala, seg\u00fan confirm\u00f3 la AM 630 Radio Rivadavia.<\/p>\n<p>NA<\/p>\n<\/div>\n<\/div>\n","protected":false},"excerpt":{"rendered":"<p>El ex delantero de Independiente y Lan\u00fas Germ\u00e1n Denis revel\u00f3 que visit\u00f3 a Ezequiel Lavezzi hace algunos d\u00edas para acompa\u00f1arlo<\/p>\n","protected":false},"author":1,"featured_media":11342,"comment_status":"closed","ping_status":"closed","sticky":false,"template":"","format":"standard","meta":{"footnotes":"","jetpack_publicize_message":"","jetpack_publicize_feature_enabled":true,"jetpack_social_post_already_shared":true,"jetpack_social_options":{"image_generator_settings":{"template":"highway","enabled":false},"version":2}},"categories":[3],"tags":[],"class_list":["post-11341","post","type-post","status-publish","format-standard","has-post-thumbnail","hentry","category-sociedad"],"jetpack_publicize_connections":[],"_links":{"self":[{"href":"https:\/\/diariorepublica.com.ar\/web\/index.php\/wp-json\/wp\/v2\/posts\/11341"}],"collection":[{"href":"https:\/\/diariorepublica.com.ar\/web\/index.php\/wp-json\/wp\/v2\/posts"}],"about":[{"href":"https:\/\/diariorepublica.com.ar\/web\/index.php\/wp-json\/wp\/v2\/types\/post"}],"author":[{"embeddable":true,"href":"https:\/\/diariorepublica.com.ar\/web\/index.php\/wp-json\/wp\/v2\/users\/1"}],"replies":[{"embeddable":true,"href":"https:\/\/diariorepublica.com.ar\/web\/index.php\/wp-json\/wp\/v2\/comments?post=11341"}],"version-history":[{"count":1,"href":"https:\/\/diariorepublica.com.ar\/web\/index.php\/wp-json\/wp\/v2\/posts\/11341\/revisions"}],"predecessor-version":[{"id":11343,"href":"https:\/\/diariorepublica.com.ar\/web\/index.php\/wp-json\/wp\/v2\/posts\/11341\/revisions\/11343"}],"wp:featuredmedia":[{"embeddable":true,"href":"https:\/\/diariorepublica.com.ar\/web\/index.php\/wp-json\/wp\/v2\/media\/11342"}],"wp:attachment":[{"href":"https:\/\/diariorepublica.com.ar\/web\/index.php\/wp-json\/wp\/v2\/media?parent=11341"}],"wp:term":[{"taxonomy":"category","embeddable":true,"href":"https:\/\/diariorepublica.com.ar\/web\/index.php\/wp-json\/wp\/v2\/categories?post=11341"},{"taxonomy":"post_tag","embeddable":true,"href":"https:\/\/diariorepublica.com.ar\/web\/index.php\/wp-json\/wp\/v2\/tags?post=11341"}],"curies":[{"name":"wp","href":"https:\/\/api.w.org\/{rel}","templated":true}]}}