{"id":11356,"date":"2024-01-19T09:22:00","date_gmt":"2024-01-19T12:22:00","guid":{"rendered":"https:\/\/diariorepublica.com.ar\/web\/?p=11356"},"modified":"2024-01-19T19:24:00","modified_gmt":"2024-01-19T22:24:00","slug":"el-inter-miami-de-lionel-messi-jugara-su-primer-partido-del-ano-ante-el-salvador","status":"publish","type":"post","link":"https:\/\/diariorepublica.com.ar\/web\/index.php\/deportes\/2024\/01\/19\/el-inter-miami-de-lionel-messi-jugara-su-primer-partido-del-ano-ante-el-salvador\/","title":{"rendered":"El Inter Miami de Lionel Messi jugar\u00e1 su primer partido del a\u00f1o ante El Salvador"},"content":{"rendered":"<p class=\"paragraph\">La primera parada de la extensa gira que tendr\u00e1 el club de la MLS es un amistoso ante la\u00a0<b>Selecci\u00f3n de El Salvador<\/b>, en San Salvador. La llegada de Leo y sus compa\u00f1eros gener\u00f3 un caos en los hinchas locales, que no se quieren perder de ning\u00fan detalle mientras el campe\u00f3n del mundo est\u00e9 en el pa\u00eds.<\/p>\n<p class=\"paragraph\">El partido se disputar\u00e1 este\u00a0<b>viernes 19 de enero<\/b>\u00a0a las\u00a0<b>22 horas de la Argentina<\/b>\u00a0en el Estadio Cuscatl\u00e1n. Contar\u00e1 con el arbitraje del salvadore\u00f1o Iv\u00e1n Barton y\u00a0<b>se podr\u00e1 ver de manera gratuita en la web de la MLS\u00a0<\/b>(MLSes.com, en espa\u00f1ol), donde se deber\u00e1 hacer un registro antes para poder acceder a las im\u00e1genes del encuentro.<\/p>\n<p class=\"paragraph\">Inter comenz\u00f3 la pretemporada hace unos en Estados Unidos, antes de darle el inicio a una serie de siete amistosos alrededor del mundo con el duelo ante el Al Nassr de Cristiano Ronaldo como plato fuerte.<\/p>\n<p class=\"paragraph\">La gran novedad en Las Garzas es la presencia de\u00a0<b>Luis Su\u00e1rez<\/b>. El uruguayo se reencontr\u00f3 con Messi, Sergio Busquets y Jordi Alba, todos fueron compa\u00f1eros en Barcelona. Para el primer encuentro, Gerardo Martino convoc\u00f3 a todas las figuras de las Garzas, aunque no revel\u00f3 si Messi jugar\u00e1 todo el encuentro.<\/p>\n<p class=\"paragraph\">Por su parte,\u00a0<b>El Salvador cerr\u00f3 el 2023 sin poder conocer la victoria en los 13 partidos que disput\u00f3<\/b>. Tambi\u00e9n ser\u00e1 el primer duelo de 2024 para el conjunto de David D\u00f3niga, que se prepara para las Eliminatorias rumbo al Mundial de 2026.<\/p>\n<p class=\"paragraph\"><b>Inter Miami<\/b>: Carlos Joaquim dos Santos &#8211; Jordi Alba, DeAndre Yedlin, Christopher McVey, Tom\u00e1s Avil\u00e9s &#8211; Sergio Busquets, Benjamin Cremaschi, Gregore Silva, Robert Taylor &#8211; Lionel Messi, Luis Su\u00e1rez.<\/p>\n<p class=\"paragraph\"><b>El Salvador<\/b>: Mario Gonz\u00e1lez &#8211; Bryan Tamacas, Rudy Clavel, Isaac Portillo, Diego Flores &#8211; Christian Mart\u00ednez, Darwin Cer\u00e9n, Amando Moreno, Eric Calvillo &#8211; Nelson Bonilla, Styven V\u00e1squez. DT: David D\u00f3niga.<\/p>\n<h6 class=\"font--primary\">Todos los amistosos del Inter Miami<\/h6>\n<ul class=\"ul__list list\">\n<li class=\"list__item\">Viernes 19 de enero frente a la<b>\u00a0selecci\u00f3n de El Salvador<\/b>\u00a0en el estadio Cuscatl\u00e1n de de San Salvador<\/li>\n<li class=\"list__item\">Lunes 22 de enero frente al\u00a0<b>FC Dallas<\/b>\u00a0en el estadio Cotton Bowl de Dallas.<\/li>\n<li class=\"list__item\">Lunes 29 de enero frente a\u00a0<b>Al Hilal\u00a0<\/b>(equipo de Neymar) en el Kingdom Arena de Riyad, Arabia Saudita.<\/li>\n<li class=\"list__item\">Jueves 1\u00ba de febrero frente a\u00a0<b>Al Nassr<\/b>\u00a0(equipo de Cristiano Ronaldo) en el Kingdom Arena de Riyad, Arabia Saudita.<\/li>\n<li class=\"list__item\">Domingo 4 de febrero frente al\u00a0<b>seleccionado de Hong Kong<\/b>, en el Hong Kong Stadium<\/li>\n<li class=\"list__item\">Mi\u00e9rcoles 7 de febrero frente al\u00a0<b>Vissel Kobe<\/b>, en el estadio Nacional de Tokio, Jap\u00f3n.<\/li>\n<li class=\"list__item\">Jueves 15 de febrero frente a\u00a0<b>Newell\u2019s\u00a0<\/b>en el DRV PNK Stadium de Fort Lauderdale, Estados Unidos.<\/li>\n<\/ul>\n<div class=\"genoa_video raw relative\">\n<div class=\"video_placeholder\">\n<div class=\"aspect_ratio__container\"><picture class=\"responsive-image\"><source srcset=\"https:\/\/tn.com.ar\/resizer\/ibuaeJObS5ibCJGrkdAEHHJCEQI=\/767x0\/smart\/filters:format(webp)\/thumbs.vodgc.net\/1-14-z38IGE1705660087879_480P.jpg\" type=\"image\/jpg\" media=\"(max-width: 728px)\" \/><source srcset=\"https:\/\/tn.com.ar\/resizer\/YqPrxajEytaeQDm3aVn3WOZUM6A=\/1023x0\/smart\/filters:format(webp)\/thumbs.vodgc.net\/1-14-z38IGE1705660087879_480P.jpg\" type=\"image\/jpg\" media=\"(max-width: 1023px)\" \/><source srcset=\"https:\/\/tn.com.ar\/resizer\/7fl7gOk7kMtd98a3XXCNdCMEgTM=\/1440x0\/smart\/filters:format(webp)\/thumbs.vodgc.net\/1-14-z38IGE1705660087879_480P.jpg\" type=\"image\/jpg\" \/><\/picture><\/div>\n<\/div>\n<\/div>\n","protected":false},"excerpt":{"rendered":"<p>La primera parada de la extensa gira que tendr\u00e1 el club de la MLS es un amistoso ante la\u00a0Selecci\u00f3n de<\/p>\n","protected":false},"author":1,"featured_media":11357,"comment_status":"closed","ping_status":"closed","sticky":false,"template":"","format":"standard","meta":{"footnotes":"","jetpack_publicize_message":"","jetpack_publicize_feature_enabled":true,"jetpack_social_post_already_shared":true,"jetpack_social_options":{"image_generator_settings":{"template":"highway","enabled":false},"version":2}},"categories":[9],"tags":[],"class_list":["post-11356","post","type-post","status-publish","format-standard","has-post-thumbnail","hentry","category-deportes"],"jetpack_publicize_connections":[],"_links":{"self":[{"href":"https:\/\/diariorepublica.com.ar\/web\/index.php\/wp-json\/wp\/v2\/posts\/11356"}],"collection":[{"href":"https:\/\/diariorepublica.com.ar\/web\/index.php\/wp-json\/wp\/v2\/posts"}],"about":[{"href":"https:\/\/diariorepublica.com.ar\/web\/index.php\/wp-json\/wp\/v2\/types\/post"}],"author":[{"embeddable":true,"href":"https:\/\/diariorepublica.com.ar\/web\/index.php\/wp-json\/wp\/v2\/users\/1"}],"replies":[{"embeddable":true,"href":"https:\/\/diariorepublica.com.ar\/web\/index.php\/wp-json\/wp\/v2\/comments?post=11356"}],"version-history":[{"count":1,"href":"https:\/\/diariorepublica.com.ar\/web\/index.php\/wp-json\/wp\/v2\/posts\/11356\/revisions"}],"predecessor-version":[{"id":11358,"href":"https:\/\/diariorepublica.com.ar\/web\/index.php\/wp-json\/wp\/v2\/posts\/11356\/revisions\/11358"}],"wp:featuredmedia":[{"embeddable":true,"href":"https:\/\/diariorepublica.com.ar\/web\/index.php\/wp-json\/wp\/v2\/media\/11357"}],"wp:attachment":[{"href":"https:\/\/diariorepublica.com.ar\/web\/index.php\/wp-json\/wp\/v2\/media?parent=11356"}],"wp:term":[{"taxonomy":"category","embeddable":true,"href":"https:\/\/diariorepublica.com.ar\/web\/index.php\/wp-json\/wp\/v2\/categories?post=11356"},{"taxonomy":"post_tag","embeddable":true,"href":"https:\/\/diariorepublica.com.ar\/web\/index.php\/wp-json\/wp\/v2\/tags?post=11356"}],"curies":[{"name":"wp","href":"https:\/\/api.w.org\/{rel}","templated":true}]}}