{"id":11371,"date":"2024-01-19T22:31:00","date_gmt":"2024-01-20T01:31:00","guid":{"rendered":"https:\/\/diariorepublica.com.ar\/web\/?p=11371"},"modified":"2024-01-19T19:32:34","modified_gmt":"2024-01-19T22:32:34","slug":"la-afip-extiende-la-recategorizacion-del-monotributo","status":"publish","type":"post","link":"https:\/\/diariorepublica.com.ar\/web\/index.php\/economia\/2024\/01\/19\/la-afip-extiende-la-recategorizacion-del-monotributo\/","title":{"rendered":"La AFIP extiende la recategorizaci\u00f3n del monotributo"},"content":{"rendered":"<article id=\"article-post\" class=\"first\">\n<div class=\"cuerpo\" data-twitter-link=\"https:\/\/twitter.com\/intent\/tweet?url=https:\/\/www.diariopopular.com.ar\/c768174&amp;via=poopulardiario&amp;related=Popular&amp;text=\">\n<p>La\u00a0<strong>Administraci\u00f3n Federal de Ingresos P\u00fablicos (AFIP)\u00a0<\/strong>extendi\u00f3 hasta el 5 de febrero el plazo para la recategorizaci\u00f3n del\u00a0<strong>monotributo<\/strong>, correspondiente al semestre julio-diciembre del 2023.<\/p>\n<\/div>\n<\/article>\n<article id=\"article-post\">\n<div class=\"cuerpo\" data-twitter-link=\"https:\/\/twitter.com\/intent\/tweet?url=https:\/\/www.diariopopular.com.ar\/c768174&amp;via=poopulardiario&amp;related=Popular&amp;text=\">\n<p>La pr\u00f3rroga del plazo responde a razones de administraci\u00f3n tributaria, las necesidades de los contribuyentes y las peticiones efectuadas por las entidades representativas de los profesionales en ciencias econ\u00f3micas, inform\u00f3 esta tarde la dependencia oficial.<\/p>\n<p>La decisi\u00f3n ser\u00e1 publicada el pr\u00f3ximo lunes en el Bolet\u00edn Oficial, a trav\u00e9s de la Resoluci\u00f3n General (RG) 5480.<\/p>\n<p>Deber\u00e1n realizar el tr\u00e1mite los monotributistas cuyos ingresos hayan sido superiores o inferiores a los de la categor\u00eda vigente en la actualidad.<\/p>\n<p>Para ello, deber\u00e1n ingresar a monotributo.afip.gob.ar con CUIT y clave fiscal.<\/p>\n<p>Los monotributistas que mantengan la misma categor\u00eda no deber\u00e1n efectuar ninguna acci\u00f3n.<\/p>\n<p>A su vez, si transcurrieron menos de 6 meses desde la inscripci\u00f3n en el monotributo, no corresponde la recategorizaci\u00f3n, se precis\u00f3.<\/p>\n<div id=\"embed8083_wrap\" class=\"embed_cont type_freetext\" contenteditable=\"false\" data-provider=\"Twitter\">\n<div id=\"embed8083_content\" class=\"embed_content\">\n<div id=\"embed8083_embed\">\n<div class=\"twitter-tweet twitter-tweet-rendered\"><iframe id=\"twitter-widget-0\" class=\"\" title=\"X Post\" src=\"https:\/\/platform.twitter.com\/embed\/Tweet.html?creatorScreenName=diariopopular&amp;dnt=false&amp;embedId=twitter-widget-0&amp;features=eyJ0ZndfdGltZWxpbmVfbGlzdCI6eyJidWNrZXQiOltdLCJ2ZXJzaW9uIjpudWxsfSwidGZ3X2ZvbGxvd2VyX2NvdW50X3N1bnNldCI6eyJidWNrZXQiOnRydWUsInZlcnNpb24iOm51bGx9LCJ0ZndfdHdlZXRfZWRpdF9iYWNrZW5kIjp7ImJ1Y2tldCI6Im9uIiwidmVyc2lvbiI6bnVsbH0sInRmd19yZWZzcmNfc2Vzc2lvbiI6eyJidWNrZXQiOiJvbiIsInZlcnNpb24iOm51bGx9LCJ0ZndfZm9zbnJfc29mdF9pbnRlcnZlbnRpb25zX2VuYWJsZWQiOnsiYnVja2V0Ijoib24iLCJ2ZXJzaW9uIjpudWxsfSwidGZ3X21peGVkX21lZGlhXzE1ODk3Ijp7ImJ1Y2tldCI6InRyZWF0bWVudCIsInZlcnNpb24iOm51bGx9LCJ0ZndfZXhwZXJpbWVudHNfY29va2llX2V4cGlyYXRpb24iOnsiYnVja2V0IjoxMjA5NjAwLCJ2ZXJzaW9uIjpudWxsfSwidGZ3X3Nob3dfYmlyZHdhdGNoX3Bpdm90c19lbmFibGVkIjp7ImJ1Y2tldCI6Im9uIiwidmVyc2lvbiI6bnVsbH0sInRmd19kdXBsaWNhdGVfc2NyaWJlc190b19zZXR0aW5ncyI6eyJidWNrZXQiOiJvbiIsInZlcnNpb24iOm51bGx9LCJ0ZndfdXNlX3Byb2ZpbGVfaW1hZ2Vfc2hhcGVfZW5hYmxlZCI6eyJidWNrZXQiOiJvbiIsInZlcnNpb24iOm51bGx9LCJ0ZndfdmlkZW9faGxzX2R5bmFtaWNfbWFuaWZlc3RzXzE1MDgyIjp7ImJ1Y2tldCI6InRydWVfYml0cmF0ZSIsInZlcnNpb24iOm51bGx9LCJ0ZndfbGVnYWN5X3RpbWVsaW5lX3N1bnNldCI6eyJidWNrZXQiOnRydWUsInZlcnNpb24iOm51bGx9LCJ0ZndfdHdlZXRfZWRpdF9mcm9udGVuZCI6eyJidWNrZXQiOiJvbiIsInZlcnNpb24iOm51bGx9fQ%3D%3D&amp;frame=false&amp;hideCard=false&amp;hideThread=false&amp;id=1748431958265168294&amp;lang=en&amp;origin=https%3A%2F%2Fwww.diariopopular.com.ar%2Feconomia%2Fla-afip-extiende-la-recategorizacion-del-monotributo-como-tramitarlo-n768174&amp;sessionId=5380c8b958f9caacc8fc72d4adced90e68c65b82&amp;siteScreenName=diariopopular&amp;theme=light&amp;widgetsVersion=2615f7e52b7e0%3A1702314776716&amp;width=550px\" frameborder=\"0\" scrolling=\"no\" allowfullscreen=\"allowfullscreen\" data-tweet-id=\"1748431958265168294\" data-gtm-yt-inspected-11=\"true\" data-mce-fragment=\"1\"><\/iframe><\/div>\n<\/div>\n<\/div>\n<div id=\"embed8083_epigrafe\" class=\"embed_epigrafe\"><\/div>\n<div id=\"embed8083_copyright\" class=\"embed_copyright\"><\/div>\n<\/div>\n<h6>El procedimiento para la recategorizaci\u00f3n consta de los siguientes pasos:<\/h6>\n<p><strong>\u2022<\/strong>\u00a0Ingresar al portal Monotributo con CUIT y clave fiscal.<\/p>\n<p><strong>\u2022<\/strong>\u00a0Seleccionar la opci\u00f3n \u201crecategorizarme\u201d (autom\u00e1ticamente el sistema informar\u00e1 la categor\u00eda actual y los topes de cada par\u00e1metro).<\/p>\n<p><strong>\u2022<\/strong>\u00a0Seleccionar \u201ccontinuar recategorizaci\u00f3n\u201d. Luego, ingresar informaci\u00f3n sobre el monto facturado en los \u00faltimos 12 meses. Con estos datos el sistema determina la nueva categor\u00eda correspondiente, que se debe confirmar en la opci\u00f3n \u201cconfirmar categor\u00eda\u201d.<\/p>\n<\/div>\n<\/article>\n","protected":false},"excerpt":{"rendered":"<p>La\u00a0Administraci\u00f3n Federal de Ingresos P\u00fablicos (AFIP)\u00a0extendi\u00f3 hasta el 5 de febrero el plazo para la recategorizaci\u00f3n del\u00a0monotributo, correspondiente al semestre<\/p>\n","protected":false},"author":1,"featured_media":11372,"comment_status":"closed","ping_status":"closed","sticky":false,"template":"","format":"standard","meta":{"footnotes":"","jetpack_publicize_message":"","jetpack_publicize_feature_enabled":true,"jetpack_social_post_already_shared":true,"jetpack_social_options":{"image_generator_settings":{"template":"highway","enabled":false},"version":2}},"categories":[5],"tags":[],"class_list":["post-11371","post","type-post","status-publish","format-standard","has-post-thumbnail","hentry","category-economia"],"jetpack_publicize_connections":[],"_links":{"self":[{"href":"https:\/\/diariorepublica.com.ar\/web\/index.php\/wp-json\/wp\/v2\/posts\/11371"}],"collection":[{"href":"https:\/\/diariorepublica.com.ar\/web\/index.php\/wp-json\/wp\/v2\/posts"}],"about":[{"href":"https:\/\/diariorepublica.com.ar\/web\/index.php\/wp-json\/wp\/v2\/types\/post"}],"author":[{"embeddable":true,"href":"https:\/\/diariorepublica.com.ar\/web\/index.php\/wp-json\/wp\/v2\/users\/1"}],"replies":[{"embeddable":true,"href":"https:\/\/diariorepublica.com.ar\/web\/index.php\/wp-json\/wp\/v2\/comments?post=11371"}],"version-history":[{"count":1,"href":"https:\/\/diariorepublica.com.ar\/web\/index.php\/wp-json\/wp\/v2\/posts\/11371\/revisions"}],"predecessor-version":[{"id":11373,"href":"https:\/\/diariorepublica.com.ar\/web\/index.php\/wp-json\/wp\/v2\/posts\/11371\/revisions\/11373"}],"wp:featuredmedia":[{"embeddable":true,"href":"https:\/\/diariorepublica.com.ar\/web\/index.php\/wp-json\/wp\/v2\/media\/11372"}],"wp:attachment":[{"href":"https:\/\/diariorepublica.com.ar\/web\/index.php\/wp-json\/wp\/v2\/media?parent=11371"}],"wp:term":[{"taxonomy":"category","embeddable":true,"href":"https:\/\/diariorepublica.com.ar\/web\/index.php\/wp-json\/wp\/v2\/categories?post=11371"},{"taxonomy":"post_tag","embeddable":true,"href":"https:\/\/diariorepublica.com.ar\/web\/index.php\/wp-json\/wp\/v2\/tags?post=11371"}],"curies":[{"name":"wp","href":"https:\/\/api.w.org\/{rel}","templated":true}]}}