{"id":11378,"date":"2024-01-19T08:34:00","date_gmt":"2024-01-19T11:34:00","guid":{"rendered":"https:\/\/diariorepublica.com.ar\/web\/?p=11378"},"modified":"2024-01-19T19:36:54","modified_gmt":"2024-01-19T22:36:54","slug":"fuerte-respaldo-de-tevez-a-milei-es-el-camino-para-cambiar-algo","status":"publish","type":"post","link":"https:\/\/diariorepublica.com.ar\/web\/index.php\/nacionales\/2024\/01\/19\/fuerte-respaldo-de-tevez-a-milei-es-el-camino-para-cambiar-algo\/","title":{"rendered":"Fuerte respaldo de Tevez a Milei: \u00abEs el camino para cambiar algo\u00bb"},"content":{"rendered":"<article id=\"article-post\" class=\"first\">\n<div class=\"cuerpo\" data-twitter-link=\"https:\/\/twitter.com\/intent\/tweet?url=https:\/\/www.diariopopular.com.ar\/c768165&amp;via=poopulardiario&amp;related=Popular&amp;text=\">\n<p>Carlos Tevez le dio un fuerte espaldarazo al presidente Javier Milei y confes\u00f3 que a pesar de que<strong>\u00a0\u00abmucha gente la est\u00e1 pasando mal, este es el camino para cambiar algo\u00bb<\/strong>.<\/p>\n<\/div>\n<\/article>\n<article id=\"article-post\">\n<div class=\"cuerpo\" data-twitter-link=\"https:\/\/twitter.com\/intent\/tweet?url=https:\/\/www.diariopopular.com.ar\/c768165&amp;via=poopulardiario&amp;related=Popular&amp;text=\">\n<p>El ex futbolista de Boca y actual DT de Independiente reflexion\u00f3 sobre la situaci\u00f3n actual y la necesidad de un cambio fuerte en el pa\u00eds, poniendo sus esperanzas en las propuestas que promulga el l\u00edder de La Libertad Avanza.<\/p>\n<p>\u00abEl Apache\u00bb, quien tiene una vieja amistad con Mauricio Macri, ex presidente de Boca Juniors y l\u00edder del Pro, sostuvo que el pa\u00eds vive\u00a0<strong>\u201cun momento muy dif\u00edcil, pero creo que este es el camino para cambiar algo. Tengo esperanzas\u201d<\/strong>\u00a0. Adem\u00e1s, sentenci\u00f3:\u00a0<strong>\u201cTengo esperanzas\u201d .<\/strong><\/p>\n<p><strong>\u201cNunca habl\u00e9 con Milei, no lo conozco. Pero creo es cuando ten\u00e9s que dar un batacazo, y ten\u00e9s que ser duro y fuerte para cambiar algo. Creo que aunque cueste, y s\u00e9 que mucha gente esta sufriendo, ojal\u00e1 este sea el camino que pueda cambiar algo<\/strong>\u201d, concluy\u00f3 el goleador en declaraciones radiales.<\/p>\n<div id=\"689450-725481779_wrap\" class=\"embed_cont type_video\" contenteditable=\"false\">\n<div id=\"689450-725481779_content\" class=\"embed_content\">\n<div id=\"689450-725481779_embed\">\n<div id=\"mediaPlayer_689450-725481779\"><iframe loading=\"lazy\" src=\"https:\/\/www.diariopopular.com.ar\/services\/embed.php?idAdjunto=689450&amp;idAdjuntoTamano=0&amp;width=622&amp;height=351&amp;tipo=video\" width=\"622\" height=\"351\" frameborder=\"0\" scrolling=\"no\" allowfullscreen=\"allowfullscreen\" data-gtm-yt-inspected-11=\"true\" data-mce-fragment=\"1\"><\/iframe><\/div>\n<\/div>\n<\/div>\n<div id=\"689450-725481779_epigrafe\" class=\"embed_epigrafe\"><\/div>\n<div id=\"689450-725481779_copyright\" class=\"embed_copyright\"><\/div>\n<\/div>\n<\/div>\n<\/article>\n","protected":false},"excerpt":{"rendered":"<p>Carlos Tevez le dio un fuerte espaldarazo al presidente Javier Milei y confes\u00f3 que a pesar de que\u00a0\u00abmucha gente la<\/p>\n","protected":false},"author":1,"featured_media":11379,"comment_status":"closed","ping_status":"closed","sticky":false,"template":"","format":"standard","meta":{"footnotes":"","jetpack_publicize_message":"","jetpack_publicize_feature_enabled":true,"jetpack_social_post_already_shared":true,"jetpack_social_options":{"image_generator_settings":{"template":"highway","enabled":false},"version":2}},"categories":[4],"tags":[],"class_list":["post-11378","post","type-post","status-publish","format-standard","has-post-thumbnail","hentry","category-nacionales"],"jetpack_publicize_connections":[],"_links":{"self":[{"href":"https:\/\/diariorepublica.com.ar\/web\/index.php\/wp-json\/wp\/v2\/posts\/11378"}],"collection":[{"href":"https:\/\/diariorepublica.com.ar\/web\/index.php\/wp-json\/wp\/v2\/posts"}],"about":[{"href":"https:\/\/diariorepublica.com.ar\/web\/index.php\/wp-json\/wp\/v2\/types\/post"}],"author":[{"embeddable":true,"href":"https:\/\/diariorepublica.com.ar\/web\/index.php\/wp-json\/wp\/v2\/users\/1"}],"replies":[{"embeddable":true,"href":"https:\/\/diariorepublica.com.ar\/web\/index.php\/wp-json\/wp\/v2\/comments?post=11378"}],"version-history":[{"count":1,"href":"https:\/\/diariorepublica.com.ar\/web\/index.php\/wp-json\/wp\/v2\/posts\/11378\/revisions"}],"predecessor-version":[{"id":11380,"href":"https:\/\/diariorepublica.com.ar\/web\/index.php\/wp-json\/wp\/v2\/posts\/11378\/revisions\/11380"}],"wp:featuredmedia":[{"embeddable":true,"href":"https:\/\/diariorepublica.com.ar\/web\/index.php\/wp-json\/wp\/v2\/media\/11379"}],"wp:attachment":[{"href":"https:\/\/diariorepublica.com.ar\/web\/index.php\/wp-json\/wp\/v2\/media?parent=11378"}],"wp:term":[{"taxonomy":"category","embeddable":true,"href":"https:\/\/diariorepublica.com.ar\/web\/index.php\/wp-json\/wp\/v2\/categories?post=11378"},{"taxonomy":"post_tag","embeddable":true,"href":"https:\/\/diariorepublica.com.ar\/web\/index.php\/wp-json\/wp\/v2\/tags?post=11378"}],"curies":[{"name":"wp","href":"https:\/\/api.w.org\/{rel}","templated":true}]}}