{"id":11393,"date":"2024-01-20T00:30:00","date_gmt":"2024-01-20T03:30:00","guid":{"rendered":"https:\/\/diariorepublica.com.ar\/web\/?p=11393"},"modified":"2024-01-20T17:30:44","modified_gmt":"2024-01-20T20:30:44","slug":"estados-unidos-respaldo-a-milei-estamos-muy-interesados-en-trabajar-con-el","status":"publish","type":"post","link":"https:\/\/diariorepublica.com.ar\/web\/index.php\/internacionales\/2024\/01\/20\/estados-unidos-respaldo-a-milei-estamos-muy-interesados-en-trabajar-con-el\/","title":{"rendered":"Estados Unidos respald\u00f3 a Milei: \u00abEstamos muy interesados en trabajar con \u00e9l\u00bb"},"content":{"rendered":"<p>El diplom\u00e1tico Kevin Sullivan, representante de la Oficina de Asuntos del Hemisferio Occidental de Estados Unidos, manifest\u00f3 este viernes su apoyo al Gobierno argentino y asegur\u00f3 que en la Casa Blanca est\u00e1n \u00abmuy interesados en trabajar\u00bb con el presidente Javier Milei.<\/p>\n<p>Dos d\u00edas despu\u00e9s de la exposici\u00f3n del mandatario argentino en el Foro Econ\u00f3mico Mundial de Davos, el funcionario de la gesti\u00f3n de Joe Biden sali\u00f3 a pronunciarse as\u00ed en declaraciones al diario chileno La Tercera.<\/p>\n<p>Sullivan destac\u00f3 la buena predisposici\u00f3n de Milei a colaborar con el gobierno estadounidense desde que asumi\u00f3 el pasado 10 de diciembre y, ante eso, se mostr\u00f3 abierto a cooperar con \u00e9l.<\/p>\n<p>\u00abNosotros estamos trabajar muy de cerca con el nuevo gobierno. Hemos visto una apertura de su parte de\u00a0colaborar\u00a0con nuestro gobierno, vamos a ver en qu\u00e9 \u00e1reas podemos cooperar\u00bb, dijo el diplom\u00e1tico en la entrevista con el medio trasandino.<\/p>\n<p>Y detall\u00f3: \u00abEstamos muy interesados en trabajar\u00a0con \u00e9l en \u00e1reas como energ\u00edas, en minerales que tiene Argentina y tambi\u00e9n, por supuesto, en apoyar sus esfuerzos en promover una estabilizaci\u00f3n de la econom\u00eda que viene desde hace muchos a\u00f1os sufriendo m\u00faltiples crisis\u00bb.<\/p>\n<p>Sullivan dijo que ya se encuentra en contacto con el mandatario argentino y asegur\u00f3 que\u00a0va a cooperar\u00a0para profundizar su v\u00ednculo y concretar acciones en conjunto.<\/p>\n<p>\u00abVamos a apoyar al gobierno de Argentina en sus esfuerzos con la comunidad internacional de buscar recursos para poder enfrentar sus desaf\u00edos. El presidente ya tiene planes para dar respuesta a los desaf\u00edos que tiene Argentina y estamos en di\u00e1logo con \u00e9l\u00bb, concluy\u00f3.<\/p>\n<p>Fuente: NA.<\/p>\n","protected":false},"excerpt":{"rendered":"<p>El diplom\u00e1tico Kevin Sullivan, representante de la Oficina de Asuntos del Hemisferio Occidental de Estados Unidos, manifest\u00f3 este viernes su<\/p>\n","protected":false},"author":1,"featured_media":11394,"comment_status":"closed","ping_status":"closed","sticky":false,"template":"","format":"standard","meta":{"footnotes":"","jetpack_publicize_message":"","jetpack_publicize_feature_enabled":true,"jetpack_social_post_already_shared":true,"jetpack_social_options":{"image_generator_settings":{"template":"highway","enabled":false},"version":2}},"categories":[6],"tags":[],"class_list":["post-11393","post","type-post","status-publish","format-standard","has-post-thumbnail","hentry","category-internacionales"],"jetpack_publicize_connections":[],"_links":{"self":[{"href":"https:\/\/diariorepublica.com.ar\/web\/index.php\/wp-json\/wp\/v2\/posts\/11393"}],"collection":[{"href":"https:\/\/diariorepublica.com.ar\/web\/index.php\/wp-json\/wp\/v2\/posts"}],"about":[{"href":"https:\/\/diariorepublica.com.ar\/web\/index.php\/wp-json\/wp\/v2\/types\/post"}],"author":[{"embeddable":true,"href":"https:\/\/diariorepublica.com.ar\/web\/index.php\/wp-json\/wp\/v2\/users\/1"}],"replies":[{"embeddable":true,"href":"https:\/\/diariorepublica.com.ar\/web\/index.php\/wp-json\/wp\/v2\/comments?post=11393"}],"version-history":[{"count":1,"href":"https:\/\/diariorepublica.com.ar\/web\/index.php\/wp-json\/wp\/v2\/posts\/11393\/revisions"}],"predecessor-version":[{"id":11395,"href":"https:\/\/diariorepublica.com.ar\/web\/index.php\/wp-json\/wp\/v2\/posts\/11393\/revisions\/11395"}],"wp:featuredmedia":[{"embeddable":true,"href":"https:\/\/diariorepublica.com.ar\/web\/index.php\/wp-json\/wp\/v2\/media\/11394"}],"wp:attachment":[{"href":"https:\/\/diariorepublica.com.ar\/web\/index.php\/wp-json\/wp\/v2\/media?parent=11393"}],"wp:term":[{"taxonomy":"category","embeddable":true,"href":"https:\/\/diariorepublica.com.ar\/web\/index.php\/wp-json\/wp\/v2\/categories?post=11393"},{"taxonomy":"post_tag","embeddable":true,"href":"https:\/\/diariorepublica.com.ar\/web\/index.php\/wp-json\/wp\/v2\/tags?post=11393"}],"curies":[{"name":"wp","href":"https:\/\/api.w.org\/{rel}","templated":true}]}}