{"id":1140,"date":"2023-04-10T07:57:19","date_gmt":"2023-04-10T10:57:19","guid":{"rendered":"https:\/\/diariorepublica.com.ar\/web\/?p=1140"},"modified":"2023-04-10T07:57:40","modified_gmt":"2023-04-10T10:57:40","slug":"cuestionamiento-de-viaje-de-jalil-hacia-oriente","status":"publish","type":"post","link":"https:\/\/diariorepublica.com.ar\/web\/index.php\/politica\/2023\/04\/10\/cuestionamiento-de-viaje-de-jalil-hacia-oriente\/","title":{"rendered":"Cuestionamiento de viaje de Jalil hacia Oriente"},"content":{"rendered":"<p>El diputado nacional, Rub\u00e9n Manzi (Coalici\u00f3n C\u00edvica- Juntos por el Cambio), se sum\u00f3 a las cr\u00edticas opositoras contra el viaje del Gobernador Ra\u00fal Jalil a distintos paises de Oriente. En ese sentido, afirm\u00f3 que Jalil \u00abes el Gobernador que m\u00e1s ha viajado desde 1983 a la fecha\u00bb.<\/p>\n<p>El diputado nacional se expres\u00f3 del tema en sus redes sociales donde formul\u00f3 una serie de preguntas en relaci\u00f3n a la \u00faltima gira internacional del mandatario junto a funcionarios y legisladores provincial e intendentes del oficialismo.<\/p>\n<p>\u00abA pesar del largo periodo de pandemia, el gobernador raul jalil fue el que m\u00e1s ha viajado desde 1983 a la fecha\u00bb, inici\u00f3 su video el m\u00e1ximo referente de la Coalici\u00f3n C\u00edvica en Catamarca.<\/p>\n<p>\u00abEl 24 de marzo, el Gobernador comenz\u00f3 una larga gira por Oriente. Creo que los catamarque\u00f1os tenemos que ser informados\u00bb, a\u00f1adi\u00f3.<\/p>\n<p>Posteriormente, enumer\u00f3 una serie de preguntas a las que pidi\u00f3 que el Ejecutivo provincial le responda: \u00bfA d\u00f3nde va? \u00bfQui\u00e9nes forman parte de su comitiva? \u00bfQu\u00e9 rol cumple cada uno de los que va con \u00e9l? \u00bfQu\u00e9 se espera obtener con el viaje? Y, por sobre todas las cosas: \u00bfCu\u00e1nto nos cuesta a los catamarque\u00f1os?\u00bb.<\/p>\n<p>Manzi no es el \u00fanico que critic\u00f3 el viaje oficial. La UCR de Fray Mamerto Esqui\u00fa sali\u00f3 a cuestionar al intendente Guillermo Ferreyra, quien forma parte de la comitiva oficial encabezada por Jalil. En este sentido, acusaron al jefe comunal chacarero de hacer \u201cturismo a costa del presupuesto municipal\u201d.<\/p>\n","protected":false},"excerpt":{"rendered":"<p>El diputado nacional, Rub\u00e9n Manzi (Coalici\u00f3n C\u00edvica- Juntos por el Cambio), se sum\u00f3 a las cr\u00edticas opositoras contra el viaje<\/p>\n","protected":false},"author":2,"featured_media":1141,"comment_status":"closed","ping_status":"closed","sticky":false,"template":"","format":"standard","meta":{"footnotes":"","jetpack_publicize_message":"","jetpack_publicize_feature_enabled":true,"jetpack_social_post_already_shared":false,"jetpack_social_options":{"image_generator_settings":{"template":"highway","enabled":false},"version":2}},"categories":[12],"tags":[],"class_list":["post-1140","post","type-post","status-publish","format-standard","has-post-thumbnail","hentry","category-politica"],"jetpack_publicize_connections":[],"_links":{"self":[{"href":"https:\/\/diariorepublica.com.ar\/web\/index.php\/wp-json\/wp\/v2\/posts\/1140"}],"collection":[{"href":"https:\/\/diariorepublica.com.ar\/web\/index.php\/wp-json\/wp\/v2\/posts"}],"about":[{"href":"https:\/\/diariorepublica.com.ar\/web\/index.php\/wp-json\/wp\/v2\/types\/post"}],"author":[{"embeddable":true,"href":"https:\/\/diariorepublica.com.ar\/web\/index.php\/wp-json\/wp\/v2\/users\/2"}],"replies":[{"embeddable":true,"href":"https:\/\/diariorepublica.com.ar\/web\/index.php\/wp-json\/wp\/v2\/comments?post=1140"}],"version-history":[{"count":1,"href":"https:\/\/diariorepublica.com.ar\/web\/index.php\/wp-json\/wp\/v2\/posts\/1140\/revisions"}],"predecessor-version":[{"id":1142,"href":"https:\/\/diariorepublica.com.ar\/web\/index.php\/wp-json\/wp\/v2\/posts\/1140\/revisions\/1142"}],"wp:featuredmedia":[{"embeddable":true,"href":"https:\/\/diariorepublica.com.ar\/web\/index.php\/wp-json\/wp\/v2\/media\/1141"}],"wp:attachment":[{"href":"https:\/\/diariorepublica.com.ar\/web\/index.php\/wp-json\/wp\/v2\/media?parent=1140"}],"wp:term":[{"taxonomy":"category","embeddable":true,"href":"https:\/\/diariorepublica.com.ar\/web\/index.php\/wp-json\/wp\/v2\/categories?post=1140"},{"taxonomy":"post_tag","embeddable":true,"href":"https:\/\/diariorepublica.com.ar\/web\/index.php\/wp-json\/wp\/v2\/tags?post=1140"}],"curies":[{"name":"wp","href":"https:\/\/api.w.org\/{rel}","templated":true}]}}