{"id":11414,"date":"2024-01-20T07:41:00","date_gmt":"2024-01-20T10:41:00","guid":{"rendered":"https:\/\/diariorepublica.com.ar\/web\/?p=11414"},"modified":"2024-01-20T17:43:58","modified_gmt":"2024-01-20T20:43:58","slug":"el-gobierno-prorrogo-extraordinarias-hasta-el-15-de-febrero-y-amplio-el-temario","status":"publish","type":"post","link":"https:\/\/diariorepublica.com.ar\/web\/index.php\/politica\/2024\/01\/20\/el-gobierno-prorrogo-extraordinarias-hasta-el-15-de-febrero-y-amplio-el-temario\/","title":{"rendered":"El Gobierno prorrog\u00f3 extraordinarias hasta el 15 de febrero y ampli\u00f3 el temario"},"content":{"rendered":"<article class=\"article-body article-body--first-paragraph content-protected-false\" data-td-script-src=\"https:\/\/www.ambito.com\/td\/modulos\/encuestas\/js\/function-embeds-min-version-1705637279.js\">El debate de la\u00a0<strong>ley \u00f3mnibus<\/strong>\u00a0continuar\u00e1 durante este verano: a trav\u00e9s de un mensaje rubricado por<strong>\u00a0Javier Milei<\/strong>\u00a0y<strong>\u00a0Nicol\u00e1s Posse<\/strong>\u00a0-jefe de Gabinete-, el Gobierno oficializ\u00f3 la pr\u00f3rroga de las sesiones extraordinarias en ambas c\u00e1maras del\u00a0<strong>Congreso<\/strong>, que adem\u00e1s se encuentran abocadas a\u00a0otros proyectos de ley.<\/p>\n<\/article>\n<article class=\"article-body article-body--second-paragraph content-protected-false\">La\u00a0<strong>pr\u00f3rroga de las extraordinarias<\/strong>\u00a0era un secreto a voces que el Gobierno evitaba emitir para promover la velocidad del tratamiento de la\u00a0<strong>ley \u00f3mnibus\u00a0<\/strong>lo antes posible. Sin embargo, ante la dilataci\u00f3n del dictamen -que de todas maneras, se estima que se alcanzar\u00e1 la semana pr\u00f3xima- se estableci\u00f3 un nuevo plazo de actividad parlamentaria antes de las<strong>\u00a0ordinarias, que inician el 1\u00b0 de marzo<\/strong>.<\/p>\n<p>La necesidad de mayor tiempo tiene que ver con los plazos legislativos. El ideal del oficialismo es obtener dictamen de la\u00a0<strong>ley \u00f3mnibus\u00a0<\/strong>antes del\u00a0<strong>paro nacional de la CGT, el mi\u00e9rcoles 24 de enero<\/strong>, pero a\u00fan as\u00ed precisar\u00eda que se apruebe en el recinto en la misma semana. En caso de que eso ocurra, deber\u00eda tratarse en<strong>\u00a0comisiones en el Senado\u00a0<\/strong>y, si se obtiene un dictamen sin disidencias, tiene que volver a votarse en la\u00a0<strong>C\u00e1mara Alta<\/strong>. Esto no hubiera sido improbable antes del 31 de enero, el primer plazo de extraordinarias que hab\u00eda dispuesto el Gobierno, que todav\u00eda podr\u00eda prorrogar la actividad parlamentaria durante el resto del mes de febrero.<\/p>\n<article class=\"article-body article-body--fourth-paragraph content-protected-false\">Al\u00a0temario dispuesto el 26 de diciembre\u00a0para tratarse en\u00a0<strong>sesiones extraordinarias<\/strong>, se a\u00f1adieron tres proyectos:<\/p>\n<\/article>\n<article class=\"article-body article-body--remaining-paragraph content-protected-false\">\n<ul>\n<li>Proyecto de Ley por cual se autoriza la\u00a0<strong>entrada de tropas extranjeras al territorio nacional<\/strong>\u00a0para participar en el ejercicio \u201cAdiestramiento Combinado para la Defensa de los Recursos Pesqueros Argentinos\u201d, que se llevar\u00e1 a cabo entre la\u00a0<strong>Prefectura Naval de la Rep\u00fablica Argentina\u00a0<\/strong>y el guardacostas USCG James de la<strong>\u00a0Guardia Costera de los Estados Unidos<\/strong>\u00a0durante el mes de abril de 2024.<\/li>\n<li>Proyecto de Ley por el que se sustituye el\u00a0<strong>Cap\u00edtulo II \u2013Defensa Nacional- del T\u00edtulo IV \u2013Seguridad y Defensa-\u00a0<\/strong>del Proyecto de Ley de Bases y Puntos de Partida para la Libertad de los Argentinos.<\/li>\n<li>Proyecto de Ley modificatorio del C\u00f3digo Penal y de la Ley N\u00b0 25.246 respecto de la<strong>\u00a0Prevenci\u00f3n y Represi\u00f3n del Lavado de Activos, la Financiaci\u00f3n del Terrorismo y el Financiamiento de la Proliferaci\u00f3n de Armas de Destrucci\u00f3n Masiva.<\/strong><\/li>\n<\/ul>\n<\/article>\n<\/article>\n","protected":false},"excerpt":{"rendered":"<p>El debate de la\u00a0ley \u00f3mnibus\u00a0continuar\u00e1 durante este verano: a trav\u00e9s de un mensaje rubricado por\u00a0Javier Milei\u00a0y\u00a0Nicol\u00e1s Posse\u00a0-jefe de Gabinete-, el<\/p>\n","protected":false},"author":1,"featured_media":11415,"comment_status":"closed","ping_status":"closed","sticky":false,"template":"","format":"standard","meta":{"footnotes":"","jetpack_publicize_message":"","jetpack_publicize_feature_enabled":true,"jetpack_social_post_already_shared":true,"jetpack_social_options":{"image_generator_settings":{"template":"highway","enabled":false},"version":2}},"categories":[12],"tags":[],"class_list":["post-11414","post","type-post","status-publish","format-standard","has-post-thumbnail","hentry","category-politica"],"jetpack_publicize_connections":[],"_links":{"self":[{"href":"https:\/\/diariorepublica.com.ar\/web\/index.php\/wp-json\/wp\/v2\/posts\/11414"}],"collection":[{"href":"https:\/\/diariorepublica.com.ar\/web\/index.php\/wp-json\/wp\/v2\/posts"}],"about":[{"href":"https:\/\/diariorepublica.com.ar\/web\/index.php\/wp-json\/wp\/v2\/types\/post"}],"author":[{"embeddable":true,"href":"https:\/\/diariorepublica.com.ar\/web\/index.php\/wp-json\/wp\/v2\/users\/1"}],"replies":[{"embeddable":true,"href":"https:\/\/diariorepublica.com.ar\/web\/index.php\/wp-json\/wp\/v2\/comments?post=11414"}],"version-history":[{"count":1,"href":"https:\/\/diariorepublica.com.ar\/web\/index.php\/wp-json\/wp\/v2\/posts\/11414\/revisions"}],"predecessor-version":[{"id":11416,"href":"https:\/\/diariorepublica.com.ar\/web\/index.php\/wp-json\/wp\/v2\/posts\/11414\/revisions\/11416"}],"wp:featuredmedia":[{"embeddable":true,"href":"https:\/\/diariorepublica.com.ar\/web\/index.php\/wp-json\/wp\/v2\/media\/11415"}],"wp:attachment":[{"href":"https:\/\/diariorepublica.com.ar\/web\/index.php\/wp-json\/wp\/v2\/media?parent=11414"}],"wp:term":[{"taxonomy":"category","embeddable":true,"href":"https:\/\/diariorepublica.com.ar\/web\/index.php\/wp-json\/wp\/v2\/categories?post=11414"},{"taxonomy":"post_tag","embeddable":true,"href":"https:\/\/diariorepublica.com.ar\/web\/index.php\/wp-json\/wp\/v2\/tags?post=11414"}],"curies":[{"name":"wp","href":"https:\/\/api.w.org\/{rel}","templated":true}]}}