{"id":11420,"date":"2024-01-22T10:38:00","date_gmt":"2024-01-22T13:38:00","guid":{"rendered":"https:\/\/diariorepublica.com.ar\/web\/?p=11420"},"modified":"2024-01-22T11:39:55","modified_gmt":"2024-01-22T14:39:55","slug":"las-modificaciones-en-el-nuevo-proyecto-de-ley-omnibus-que-el-gobierno-envio-al-congreso","status":"publish","type":"post","link":"https:\/\/diariorepublica.com.ar\/web\/index.php\/politica\/2024\/01\/22\/las-modificaciones-en-el-nuevo-proyecto-de-ley-omnibus-que-el-gobierno-envio-al-congreso\/","title":{"rendered":"Las modificaciones en el nuevo proyecto de Ley \u00d3mnibus que el Gobierno envi\u00f3 al Congreso"},"content":{"rendered":"<p>El Gobierno dio lugar a los reclamos de la oposici\u00f3n \u201cdialoguista\u201d y envi\u00f3 al Congreso un nuevo proyecto de Ley \u00d3mnibus que contempla modificaciones con intenci\u00f3n de aprobar el grueso de los cambios presentados.<\/p>\n<p>Seg\u00fan el documento, entre las principales variaciones, el Poder Ejecutivo acepta\u00a0<strong>eliminar YPF del listado de empresas a privatizar<\/strong>\u00a0y para las firmas Nucleoel\u00e9ctrica, Banco Naci\u00f3n y ARSAT se estableci\u00f3 que el Estado solamente puede realizar una privatizaci\u00f3n parcial, debiendo mantener el control de la empresa.<\/p>\n<p>Por otra parte, la administraci\u00f3n accedi\u00f3 al reclamo de los gobernadores por lo que\u00a0<strong>limit\u00f3 las retenciones a las econom\u00edas regionales a cero<\/strong>. \u201cSe establecen en 0% para las econom\u00edas regionales. A su vez, se elimina la facultad del Poder Ejecutivo de poder subir los derechos de exportaci\u00f3n. Solamente se mantiene la facultad para poder reducirlas\u201d, reza el nuevo art\u00edculo.<\/p>\n<p>Adem\u00e1s, se compromete mantener la f\u00f3rmula previsional hasta abril y luego comenzar\u00e1 una\u00a0actualizaci\u00f3n autom\u00e1tica de los haberes jubilatorios por inflaci\u00f3n mensual\u00a0en base al \u00faltimo dato de inflaci\u00f3n disponible del INDEC.<\/p>\n<p>Si bien se trata de un borrador, redactado de forma coloquial, que se present\u00f3 a los jefes de bloques, el Gobierno\u00a0<strong>apuesta a conquistar el respaldo del sector de la oposici\u00f3n dialoguista<\/strong>, quienes por estas horas analizan en detalle los cambios.<\/p>\n<p>Tras las cr\u00edticas generadas luego de la presentaci\u00f3n del primer proyecto denominado \u201cBases y Puntos de Partida para la Libertad de los Argentinos\u201d, mejor conocida como Ley \u00d3mnibus, el presidente Javier Milei dispuso dar lugar a los reclamos.<\/p>\n<p>\u201cBienvenido este debate. Es sano exponer los privilegios de unos pocos, es sano mover nuestro marco normativo hacia adelante modificando cosas que el tiempo hab\u00eda enquistado. Tambi\u00e9n es sano escuchar, corregir, aprender. Todo esto y mucho m\u00e1s ocurri\u00f3 durante este debate\u201d, reza en la letra del documento que contempla las correcciones y que pas\u00f3 de 664 art\u00edculos a 523.<\/p>\n<p>El mandatario dio el visto bueno para posponer una serie de tem\u00e1ticas contempladas en el texto original a ser tratada a partir de marzo, en el per\u00edodo de sesiones ordinarias, entre los que destacan los cambios en la ley de sociedades, la discusi\u00f3n sobre el traspaso de la justicia nacional a la Ciudad, los temas de salud mental y de la reforma electoral (secciones uninominales, el futuro de las PASO y el r\u00e9gimen de partidos pol\u00edticos).<\/p>\n<p>Plazos de emergencia, blanqueo de capitales y cambios en el financiamiento de la cultura<br \/>\nDesde la administraci\u00f3n libertaria optaron por reducir a un a\u00f1o las delegaciones legislativas con opci\u00f3n de prorrogar por un a\u00f1o m\u00e1s con aprobaci\u00f3n del Congreso.<\/p>\n<p>De acuerdo a los cambios en el blanqueo de capitales, el proyecto estableci\u00f3 que \u201c1) los sujetos no residentes que adhieran al presente R\u00e9gimen de Regulaci\u00f3n de Activos no podr\u00e1n declarar bienes que se encuentren en posesi\u00f3n, anotados, registrados o depositados a nombre de terceros; 2) Se incorpora como sujetos excluidos a los funcionarios que se hayan desempe\u00f1ado en el rol en los \u00faltimos 5 a\u00f1os; 3) Se excluye a los agentes de retenci\u00f3n con procesamiento firme, y 4) Se define que lo producido del Impuesto Especial de Regularizaci\u00f3n se destinar\u00e1 a la capitalizaci\u00f3n del Banco Central de la Rep\u00fablica Argentina\u201d.<\/p>\n","protected":false},"excerpt":{"rendered":"<p>El Gobierno dio lugar a los reclamos de la oposici\u00f3n \u201cdialoguista\u201d y envi\u00f3 al Congreso un nuevo proyecto de Ley<\/p>\n","protected":false},"author":1,"featured_media":11421,"comment_status":"closed","ping_status":"closed","sticky":false,"template":"","format":"standard","meta":{"footnotes":"","jetpack_publicize_message":"","jetpack_publicize_feature_enabled":true,"jetpack_social_post_already_shared":true,"jetpack_social_options":{"image_generator_settings":{"template":"highway","enabled":false},"version":2}},"categories":[12],"tags":[],"class_list":["post-11420","post","type-post","status-publish","format-standard","has-post-thumbnail","hentry","category-politica"],"jetpack_publicize_connections":[],"_links":{"self":[{"href":"https:\/\/diariorepublica.com.ar\/web\/index.php\/wp-json\/wp\/v2\/posts\/11420"}],"collection":[{"href":"https:\/\/diariorepublica.com.ar\/web\/index.php\/wp-json\/wp\/v2\/posts"}],"about":[{"href":"https:\/\/diariorepublica.com.ar\/web\/index.php\/wp-json\/wp\/v2\/types\/post"}],"author":[{"embeddable":true,"href":"https:\/\/diariorepublica.com.ar\/web\/index.php\/wp-json\/wp\/v2\/users\/1"}],"replies":[{"embeddable":true,"href":"https:\/\/diariorepublica.com.ar\/web\/index.php\/wp-json\/wp\/v2\/comments?post=11420"}],"version-history":[{"count":1,"href":"https:\/\/diariorepublica.com.ar\/web\/index.php\/wp-json\/wp\/v2\/posts\/11420\/revisions"}],"predecessor-version":[{"id":11422,"href":"https:\/\/diariorepublica.com.ar\/web\/index.php\/wp-json\/wp\/v2\/posts\/11420\/revisions\/11422"}],"wp:featuredmedia":[{"embeddable":true,"href":"https:\/\/diariorepublica.com.ar\/web\/index.php\/wp-json\/wp\/v2\/media\/11421"}],"wp:attachment":[{"href":"https:\/\/diariorepublica.com.ar\/web\/index.php\/wp-json\/wp\/v2\/media?parent=11420"}],"wp:term":[{"taxonomy":"category","embeddable":true,"href":"https:\/\/diariorepublica.com.ar\/web\/index.php\/wp-json\/wp\/v2\/categories?post=11420"},{"taxonomy":"post_tag","embeddable":true,"href":"https:\/\/diariorepublica.com.ar\/web\/index.php\/wp-json\/wp\/v2\/tags?post=11420"}],"curies":[{"name":"wp","href":"https:\/\/api.w.org\/{rel}","templated":true}]}}