{"id":11426,"date":"2024-01-22T07:41:00","date_gmt":"2024-01-22T10:41:00","guid":{"rendered":"https:\/\/diariorepublica.com.ar\/web\/?p=11426"},"modified":"2024-01-22T11:42:22","modified_gmt":"2024-01-22T14:42:22","slug":"el-gobierno-declara-el-2024-como-el-ano-de-la-defensa-de-la-vida-la-libertad-y-la-propiedad","status":"publish","type":"post","link":"https:\/\/diariorepublica.com.ar\/web\/index.php\/nacionales\/2024\/01\/22\/el-gobierno-declara-el-2024-como-el-ano-de-la-defensa-de-la-vida-la-libertad-y-la-propiedad\/","title":{"rendered":"El Gobierno declara el 2024 como el \u00abA\u00f1o de la Defensa de la Vida, la Libertad y la Propiedad\u00bb"},"content":{"rendered":"<p>Javier Milei declar\u00f3 al 2024 como el \u201cA\u00f1o de la Defensa de la Vida, la Libertad y la Propiedad\u201d, situaci\u00f3n que no pas\u00f3 desapercibida en las redes sociales.<\/p>\n<p>\u00abDisp\u00f3nese que durante el a\u00f1o 2024 toda la documentaci\u00f3n oficial de la ADMINISTRACI\u00d3N P\u00daBLICA NACIONAL, centralizada y descentralizada, as\u00ed como de los Entes aut\u00e1rquicos dependientes de esta deber\u00e1 llevar la leyenda &#8216;A\u00d1O DE LA DEFENSA DE LA VIDA, LA LIBERTAD Y LA PROPIEDAD&#8217;\u201d, dice el DNU firmado por el jefe de Gabinete, Nicol\u00e1s Posse.<\/p>\n<p>El mismo indica que el Poder Ejecutivo \u00abrealizar\u00e1 las acciones pertinentes tendientes a destacar, difundir y concientizar acerca de los valores de la vida, la libertad y la propiedad\u00bb, e invit\u00f3 a los Gobiernos provinciales y de la Ciudad de Buenos Aires a hacer lo mismo.<\/p>\n","protected":false},"excerpt":{"rendered":"<p>Javier Milei declar\u00f3 al 2024 como el \u201cA\u00f1o de la Defensa de la Vida, la Libertad y la Propiedad\u201d, situaci\u00f3n<\/p>\n","protected":false},"author":1,"featured_media":11427,"comment_status":"closed","ping_status":"closed","sticky":false,"template":"","format":"standard","meta":{"footnotes":"","jetpack_publicize_message":"","jetpack_publicize_feature_enabled":true,"jetpack_social_post_already_shared":true,"jetpack_social_options":{"image_generator_settings":{"template":"highway","enabled":false},"version":2}},"categories":[4],"tags":[],"class_list":["post-11426","post","type-post","status-publish","format-standard","has-post-thumbnail","hentry","category-nacionales"],"jetpack_publicize_connections":[],"_links":{"self":[{"href":"https:\/\/diariorepublica.com.ar\/web\/index.php\/wp-json\/wp\/v2\/posts\/11426"}],"collection":[{"href":"https:\/\/diariorepublica.com.ar\/web\/index.php\/wp-json\/wp\/v2\/posts"}],"about":[{"href":"https:\/\/diariorepublica.com.ar\/web\/index.php\/wp-json\/wp\/v2\/types\/post"}],"author":[{"embeddable":true,"href":"https:\/\/diariorepublica.com.ar\/web\/index.php\/wp-json\/wp\/v2\/users\/1"}],"replies":[{"embeddable":true,"href":"https:\/\/diariorepublica.com.ar\/web\/index.php\/wp-json\/wp\/v2\/comments?post=11426"}],"version-history":[{"count":1,"href":"https:\/\/diariorepublica.com.ar\/web\/index.php\/wp-json\/wp\/v2\/posts\/11426\/revisions"}],"predecessor-version":[{"id":11428,"href":"https:\/\/diariorepublica.com.ar\/web\/index.php\/wp-json\/wp\/v2\/posts\/11426\/revisions\/11428"}],"wp:featuredmedia":[{"embeddable":true,"href":"https:\/\/diariorepublica.com.ar\/web\/index.php\/wp-json\/wp\/v2\/media\/11427"}],"wp:attachment":[{"href":"https:\/\/diariorepublica.com.ar\/web\/index.php\/wp-json\/wp\/v2\/media?parent=11426"}],"wp:term":[{"taxonomy":"category","embeddable":true,"href":"https:\/\/diariorepublica.com.ar\/web\/index.php\/wp-json\/wp\/v2\/categories?post=11426"},{"taxonomy":"post_tag","embeddable":true,"href":"https:\/\/diariorepublica.com.ar\/web\/index.php\/wp-json\/wp\/v2\/tags?post=11426"}],"curies":[{"name":"wp","href":"https:\/\/api.w.org\/{rel}","templated":true}]}}