{"id":11429,"date":"2024-01-22T06:02:00","date_gmt":"2024-01-22T09:02:00","guid":{"rendered":"https:\/\/diariorepublica.com.ar\/web\/?p=11429"},"modified":"2024-01-22T12:03:34","modified_gmt":"2024-01-22T15:03:34","slug":"fuerte-caida-de-la-industria-pyme-se-desplomo-casi-27-en-diciembre","status":"publish","type":"post","link":"https:\/\/diariorepublica.com.ar\/web\/index.php\/economia\/2024\/01\/22\/fuerte-caida-de-la-industria-pyme-se-desplomo-casi-27-en-diciembre\/","title":{"rendered":"Fuerte ca\u00edda de la industria pyme: se desplom\u00f3 casi 27% en diciembre"},"content":{"rendered":"<article id=\"article-post\" class=\"first\">\n<div class=\"cuerpo\" data-twitter-link=\"https:\/\/twitter.com\/intent\/tweet?url=https:\/\/www.diariopopular.com.ar\/c768537&amp;via=poopulardiario&amp;related=Popular&amp;text=\">\n<p>El nivel de actividad de las\u00a0<strong>peque\u00f1as y medianas industrias registr\u00f3 en diciembre una importante ca\u00edda de 26,9%<\/strong>\u00a0respecto a igual mes del a\u00f1o anterior y cerr\u00f3 de esta forma el 2023 con una\u00a0<strong>baja acumulada de 2,6%<\/strong>. As\u00ed lo se\u00f1al\u00f3 un informe elaborado por la Confederaci\u00f3n Argentina de la Mediana Empresa (CAME).<\/p>\n<\/div>\n<\/article>\n<article id=\"article-post\">\n<div class=\"cuerpo\" data-twitter-link=\"https:\/\/twitter.com\/intent\/tweet?url=https:\/\/www.diariopopular.com.ar\/c768537&amp;via=poopulardiario&amp;related=Popular&amp;text=\">\n<p>En la comparaci\u00f3n mensual, contra noviembre pasado,\u00a0<strong>la actividad industrial pyme tambi\u00e9n sufri\u00f3 una retracci\u00f3n del 31,7%<\/strong>.<\/p>\n<p><strong>\u00abLa significativa depreciaci\u00f3n de la moneda, la escalada de la inflaci\u00f3n posterior a las elecciones y los cambios en las regulaciones de importaci\u00f3n<\/strong>, que impidieron realizar compras durante algunas semanas, entre otras cuestiones, crearon un entorno marcado por la elevada incertidumbre y la disminuci\u00f3n del consumo,\u00a0<strong>factores que obstaculizaron los niveles de producci\u00f3n en el conjunto del sector manufacturero\u00bb<\/strong>, se\u00f1al\u00f3 CAME al explicar los n\u00fameros del \u00faltimo mes de 2023.<\/p>\n<p>\u00abAdem\u00e1s, se experimentaron per\u00edodos sin cotizaciones, con tasas elevadas de escasez de insumos, lo que llev\u00f3 a que\u00a0<strong>numerosas empresas suspendieran operaciones durante algunos d\u00edas o adelantaran las vacaciones de su personal\u00bb<\/strong>, agreg\u00f3 la entidad empresaria.<\/p>\n<div id=\"embed3062_wrap\" class=\"embed_cont type_freetext\" contenteditable=\"false\" data-provider=\"Twitter\">\n<div id=\"embed3062_content\" class=\"embed_content\">\n<div id=\"embed3062_embed\">\n<div class=\"twitter-tweet twitter-tweet-rendered\"><iframe id=\"twitter-widget-0\" class=\"\" title=\"X Post\" src=\"https:\/\/platform.twitter.com\/embed\/Tweet.html?creatorScreenName=diariopopular&amp;dnt=false&amp;embedId=twitter-widget-0&amp;features=eyJ0ZndfdGltZWxpbmVfbGlzdCI6eyJidWNrZXQiOltdLCJ2ZXJzaW9uIjpudWxsfSwidGZ3X2ZvbGxvd2VyX2NvdW50X3N1bnNldCI6eyJidWNrZXQiOnRydWUsInZlcnNpb24iOm51bGx9LCJ0ZndfdHdlZXRfZWRpdF9iYWNrZW5kIjp7ImJ1Y2tldCI6Im9uIiwidmVyc2lvbiI6bnVsbH0sInRmd19yZWZzcmNfc2Vzc2lvbiI6eyJidWNrZXQiOiJvbiIsInZlcnNpb24iOm51bGx9LCJ0ZndfZm9zbnJfc29mdF9pbnRlcnZlbnRpb25zX2VuYWJsZWQiOnsiYnVja2V0Ijoib24iLCJ2ZXJzaW9uIjpudWxsfSwidGZ3X21peGVkX21lZGlhXzE1ODk3Ijp7ImJ1Y2tldCI6InRyZWF0bWVudCIsInZlcnNpb24iOm51bGx9LCJ0ZndfZXhwZXJpbWVudHNfY29va2llX2V4cGlyYXRpb24iOnsiYnVja2V0IjoxMjA5NjAwLCJ2ZXJzaW9uIjpudWxsfSwidGZ3X3Nob3dfYmlyZHdhdGNoX3Bpdm90c19lbmFibGVkIjp7ImJ1Y2tldCI6Im9uIiwidmVyc2lvbiI6bnVsbH0sInRmd19kdXBsaWNhdGVfc2NyaWJlc190b19zZXR0aW5ncyI6eyJidWNrZXQiOiJvbiIsInZlcnNpb24iOm51bGx9LCJ0ZndfdXNlX3Byb2ZpbGVfaW1hZ2Vfc2hhcGVfZW5hYmxlZCI6eyJidWNrZXQiOiJvbiIsInZlcnNpb24iOm51bGx9LCJ0ZndfdmlkZW9faGxzX2R5bmFtaWNfbWFuaWZlc3RzXzE1MDgyIjp7ImJ1Y2tldCI6InRydWVfYml0cmF0ZSIsInZlcnNpb24iOm51bGx9LCJ0ZndfbGVnYWN5X3RpbWVsaW5lX3N1bnNldCI6eyJidWNrZXQiOnRydWUsInZlcnNpb24iOm51bGx9LCJ0ZndfdHdlZXRfZWRpdF9mcm9udGVuZCI6eyJidWNrZXQiOiJvbiIsInZlcnNpb24iOm51bGx9fQ%3D%3D&amp;frame=false&amp;hideCard=false&amp;hideThread=false&amp;id=1749066543487414422&amp;lang=en&amp;origin=https%3A%2F%2Fwww.diariopopular.com.ar%2Feconomia%2Ffuerte-caida-la-industria-pyme-se-desplomo-casi-27-diciembre-n768537&amp;sessionId=2c28a89f6e1f617a930c4cc4dbfaa962532c92f0&amp;siteScreenName=diariopopular&amp;theme=light&amp;widgetsVersion=2615f7e52b7e0%3A1702314776716&amp;width=550px\" frameborder=\"0\" scrolling=\"no\" allowfullscreen=\"allowfullscreen\" data-tweet-id=\"1749066543487414422\" data-gtm-yt-inspected-11=\"true\" data-mce-fragment=\"1\"><\/iframe><\/div>\n<\/div>\n<\/div>\n<div id=\"embed3062_epigrafe\" class=\"embed_epigrafe\"><\/div>\n<div id=\"embed3062_copyright\" class=\"embed_copyright\"><\/div>\n<\/div>\n<p>En este marco, en diciembre\u00a0<strong>el 53,4% de las empresas report\u00f3 dificultades para reponer stocks<\/strong>, especialmente en la obtenci\u00f3n de materias primas e insumos.<\/p>\n<p>Estos resultados surgen del \u00cdndice de Producci\u00f3n Industrial Pyme (IPIP) que elabora CAME, con\u00a0<strong>una muestra que alcanz\u00f3 a 410 industrias pyme a nivel federal<\/strong>.<\/p>\n<h6>Industria pyme: c\u00f3mo fue la baja por sectores<\/h6>\n<p>Los rubros industriales pyme que peor la pasaron en diciembre fueron<strong>\u00a0\u201cMet\u00e1licos, maquinarias, equipos y material de transporte.\u201d, con una baja anual de 35,7% en su producci\u00f3n, a precios constantes, y \u201cMaderas y muebles\u201d (-34,4%<\/strong>). .<\/p>\n<p>Por su parte,<strong>\u00a0\u00abAlimentos y bebidas\u00bb baj\u00f3 su producci\u00f3n baj\u00f3 15,2% anual y 21,4% intermensual<\/strong>\u00a0(esto es, respecto de noviembre) a precios constantes y 21,4%, aunque logr\u00f3 cerrar el a\u00f1o con un leve aumento (2,9%).<\/p>\n<p><strong>\u201cFue un diciembre marcado por subas en todos los insumos y materias primas.\u00a0<\/strong>Las empresas consultadas se\u00f1alaron que muchos clientes adelantaron pedidos en noviembre, y eso explicar\u00eda la fuerte ca\u00edda mensual. As\u00ed, siendo diciembre el mejor mes del a\u00f1o para este sector, para muchas industrias termin\u00f3 siendo el peor\u201d, remarc\u00f3 el informe de CAME.<\/p>\n<p><strong>En el sector \u201cIndumentaria y textil\u201d, otro rubro relativamente resiliente, la producci\u00f3n se retrajo 10,2% anual a precios constantes en diciembre<\/strong>, pero tuvo un aumento del 3,3% en el a\u00f1o. En t\u00e9rminos intermensuales, su nivel de actividad colaps\u00f3:<strong>\u00a0la actividad cay\u00f3 20,4%<\/strong>, aunque con un mayor uso de la capacidad instalada que en meses anteriores, porque la empresas hab\u00edan intensificado la producci\u00f3n en octubre y noviembre, debido a la incertidumbre electoral, las expectativas devaluatorias y la posibilidad de cambios regulatorios.<\/p>\n<\/div>\n<\/article>\n","protected":false},"excerpt":{"rendered":"<p>El nivel de actividad de las\u00a0peque\u00f1as y medianas industrias registr\u00f3 en diciembre una importante ca\u00edda de 26,9%\u00a0respecto a igual mes<\/p>\n","protected":false},"author":1,"featured_media":11430,"comment_status":"closed","ping_status":"closed","sticky":false,"template":"","format":"standard","meta":{"footnotes":"","jetpack_publicize_message":"","jetpack_publicize_feature_enabled":true,"jetpack_social_post_already_shared":true,"jetpack_social_options":{"image_generator_settings":{"template":"highway","enabled":false},"version":2}},"categories":[5],"tags":[],"class_list":["post-11429","post","type-post","status-publish","format-standard","has-post-thumbnail","hentry","category-economia"],"jetpack_publicize_connections":[],"_links":{"self":[{"href":"https:\/\/diariorepublica.com.ar\/web\/index.php\/wp-json\/wp\/v2\/posts\/11429"}],"collection":[{"href":"https:\/\/diariorepublica.com.ar\/web\/index.php\/wp-json\/wp\/v2\/posts"}],"about":[{"href":"https:\/\/diariorepublica.com.ar\/web\/index.php\/wp-json\/wp\/v2\/types\/post"}],"author":[{"embeddable":true,"href":"https:\/\/diariorepublica.com.ar\/web\/index.php\/wp-json\/wp\/v2\/users\/1"}],"replies":[{"embeddable":true,"href":"https:\/\/diariorepublica.com.ar\/web\/index.php\/wp-json\/wp\/v2\/comments?post=11429"}],"version-history":[{"count":1,"href":"https:\/\/diariorepublica.com.ar\/web\/index.php\/wp-json\/wp\/v2\/posts\/11429\/revisions"}],"predecessor-version":[{"id":11431,"href":"https:\/\/diariorepublica.com.ar\/web\/index.php\/wp-json\/wp\/v2\/posts\/11429\/revisions\/11431"}],"wp:featuredmedia":[{"embeddable":true,"href":"https:\/\/diariorepublica.com.ar\/web\/index.php\/wp-json\/wp\/v2\/media\/11430"}],"wp:attachment":[{"href":"https:\/\/diariorepublica.com.ar\/web\/index.php\/wp-json\/wp\/v2\/media?parent=11429"}],"wp:term":[{"taxonomy":"category","embeddable":true,"href":"https:\/\/diariorepublica.com.ar\/web\/index.php\/wp-json\/wp\/v2\/categories?post=11429"},{"taxonomy":"post_tag","embeddable":true,"href":"https:\/\/diariorepublica.com.ar\/web\/index.php\/wp-json\/wp\/v2\/tags?post=11429"}],"curies":[{"name":"wp","href":"https:\/\/api.w.org\/{rel}","templated":true}]}}