{"id":11432,"date":"2024-01-22T00:04:00","date_gmt":"2024-01-22T03:04:00","guid":{"rendered":"https:\/\/diariorepublica.com.ar\/web\/?p=11432"},"modified":"2024-01-22T12:05:19","modified_gmt":"2024-01-22T15:05:19","slug":"mascherano-todo-lo-que-pase-el-responsable-voy-a-ser-yo","status":"publish","type":"post","link":"https:\/\/diariorepublica.com.ar\/web\/index.php\/deportes\/2024\/01\/22\/mascherano-todo-lo-que-pase-el-responsable-voy-a-ser-yo\/","title":{"rendered":"Mascherano: \u00abtodo lo que pase el responsable voy a ser yo\u00bb"},"content":{"rendered":"<article id=\"article-post\" class=\"first\">\n<div class=\"cuerpo\" data-twitter-link=\"https:\/\/twitter.com\/intent\/tweet?url=https:\/\/www.diariopopular.com.ar\/c768636&amp;via=poopulardiario&amp;related=Popular&amp;text=\">\n<p>Tras el empate de la\u00a0<strong>Selecci\u00f3n\u00a0<\/strong><strong>Sub 23 1<\/strong>\u00a0a 1 ante\u00a0<strong>Paraguay<\/strong>\u00a0en el debut del Preol\u00edmpico de Venezuela, con el objetivo de meterse en los Juegos Ol\u00edmpicos de Par\u00eds 2024,.\u00a0<strong>Javier Mascherano<\/strong>\u00a0habl\u00f3 en conferencia de prensa.<\/p>\n<\/div>\n<\/article>\n<article id=\"article-post\">\n<div class=\"cuerpo\" data-twitter-link=\"https:\/\/twitter.com\/intent\/tweet?url=https:\/\/www.diariopopular.com.ar\/c768636&amp;via=poopulardiario&amp;related=Popular&amp;text=\">\n<p>Tras el empate, Mascherano dijo: \u00ab<strong>El an\u00e1lisis es que a mi manera de ver fuimos el equipo que llev\u00f3 el peso de partido. Lamentablemente en esa jugada aislada del pena, que a mi criterio es dudoso, lo que si valoro es la b\u00fasqueda de ir por el partido. Los primeros 15 o 20 minutos generamos varios situaciones de gol<\/strong>\u00ab.<\/p>\n<p>Y agreg\u00f3: \u00ab<strong>En el segundo tiempo nos cost\u00f3 al principio pero con los cambios generamos m\u00e1s situaciones. Nos pega de lleno el mazazo del penal. Me quedo con lo positivo y tener el premio del final. Me quedo con eso, con no perder. Empezar perdiendo es un problema en estos torneos\u00bb<\/strong>.<\/p>\n<p>Consultado sobre el protagonismo de la selecci\u00f3n dijo que \u00ab<strong>todo est\u00e1 claro&#8230; que la realidad es que cada vez que compite la Argentina es obviamente pelear por lo m\u00e1s alto que esta vez es pelear por entrar a los Juego Ol\u00edmpicos<\/strong>\u00ab, explic\u00f3. Sobre su responsabilidad sostuvo: \u00ab<strong>Todo lo que pase el responsable voy a ser yo. Me siento respaldado y seguido por los jugadores<\/strong>\u00ab, aclar\u00f3.<\/p>\n<p>Sobre los cambios para la fecha que viene:<strong>\u00a0\u00abTodos est\u00e1n en condiciones de jugar, en ese sentido tenemos la tranquilidad de que los once que inician puede ser reemplazados en cualquier momento. Las soluciones que no encontramos al inicio, las podemos encontrar en el banco de suplentes. Ya evaluaremos a partir de ma\u00f1ana c\u00f3mo podemos formar ante Per\u00fa analizando todo<\/strong>\u00ab.<\/p>\n<h6>Claudio Echeverri: \u00abhicimos un gran primer tiempo\u00bb<\/h6>\n<p>Claudio Echeverri la joya de River que ingres\u00f3 en la segunda parte dijo: \u00ab<strong>Hicimos un gran primer tiempo, tuvimos muchas situaciones de goles y no pudimos convertir. Nos llevamos un punto que es importante para no perder, con un gusto amargo, pero rescatamos un punto\u00bb,\u00a0<\/strong>empez\u00f3.<\/p>\n<p>Y agreg\u00f3 que\u00a0<strong>\u00abMascherano me pidi\u00f3 que juegue, que pida la pelota y gambetee, lo que suelo hacer siempre y eso trat\u00e9 de hacer pero ya era dif\u00edcil ellos estaban cerrados atr\u00e1s<\/strong>\u00ab.<\/p>\n<p>La pr\u00f3xima parada para el equipo de Mascherano ser\u00e1 este mi\u00e9rcoles desde las 20 ante Per\u00fa, que comenz\u00f3 con el pie derecho ante Chile por 1 a 0. M\u00e1s temprano, a las 17, jugar\u00e1n Paraguay y Uruguay. Por su parte los chilenos tendr\u00e1n libre en la fecha 2.<\/p>\n<\/div>\n<\/article>\n","protected":false},"excerpt":{"rendered":"<p>Tras el empate de la\u00a0Selecci\u00f3n\u00a0Sub 23 1\u00a0a 1 ante\u00a0Paraguay\u00a0en el debut del Preol\u00edmpico de Venezuela, con el objetivo de meterse<\/p>\n","protected":false},"author":1,"featured_media":11433,"comment_status":"closed","ping_status":"closed","sticky":false,"template":"","format":"standard","meta":{"footnotes":"","jetpack_publicize_message":"","jetpack_publicize_feature_enabled":true,"jetpack_social_post_already_shared":true,"jetpack_social_options":{"image_generator_settings":{"template":"highway","enabled":false},"version":2}},"categories":[9],"tags":[],"class_list":["post-11432","post","type-post","status-publish","format-standard","has-post-thumbnail","hentry","category-deportes"],"jetpack_publicize_connections":[],"_links":{"self":[{"href":"https:\/\/diariorepublica.com.ar\/web\/index.php\/wp-json\/wp\/v2\/posts\/11432"}],"collection":[{"href":"https:\/\/diariorepublica.com.ar\/web\/index.php\/wp-json\/wp\/v2\/posts"}],"about":[{"href":"https:\/\/diariorepublica.com.ar\/web\/index.php\/wp-json\/wp\/v2\/types\/post"}],"author":[{"embeddable":true,"href":"https:\/\/diariorepublica.com.ar\/web\/index.php\/wp-json\/wp\/v2\/users\/1"}],"replies":[{"embeddable":true,"href":"https:\/\/diariorepublica.com.ar\/web\/index.php\/wp-json\/wp\/v2\/comments?post=11432"}],"version-history":[{"count":1,"href":"https:\/\/diariorepublica.com.ar\/web\/index.php\/wp-json\/wp\/v2\/posts\/11432\/revisions"}],"predecessor-version":[{"id":11434,"href":"https:\/\/diariorepublica.com.ar\/web\/index.php\/wp-json\/wp\/v2\/posts\/11432\/revisions\/11434"}],"wp:featuredmedia":[{"embeddable":true,"href":"https:\/\/diariorepublica.com.ar\/web\/index.php\/wp-json\/wp\/v2\/media\/11433"}],"wp:attachment":[{"href":"https:\/\/diariorepublica.com.ar\/web\/index.php\/wp-json\/wp\/v2\/media?parent=11432"}],"wp:term":[{"taxonomy":"category","embeddable":true,"href":"https:\/\/diariorepublica.com.ar\/web\/index.php\/wp-json\/wp\/v2\/categories?post=11432"},{"taxonomy":"post_tag","embeddable":true,"href":"https:\/\/diariorepublica.com.ar\/web\/index.php\/wp-json\/wp\/v2\/tags?post=11432"}],"curies":[{"name":"wp","href":"https:\/\/api.w.org\/{rel}","templated":true}]}}