{"id":11447,"date":"2024-01-22T12:13:42","date_gmt":"2024-01-22T15:13:42","guid":{"rendered":"https:\/\/diariorepublica.com.ar\/web\/?p=11447"},"modified":"2024-01-22T12:13:44","modified_gmt":"2024-01-22T15:13:44","slug":"cambios-en-la-ley-omnibus-eliminan-las-jubilaciones-de-privilegio-para-presidente-y-vice","status":"publish","type":"post","link":"https:\/\/diariorepublica.com.ar\/web\/index.php\/politica\/2024\/01\/22\/cambios-en-la-ley-omnibus-eliminan-las-jubilaciones-de-privilegio-para-presidente-y-vice\/","title":{"rendered":"Cambios en la ley \u00f3mnibus: eliminan las jubilaciones de privilegio para presidente y vice"},"content":{"rendered":"<article class=\"article-body article-body--first-paragraph content-protected-false\" data-td-script-src=\"https:\/\/www.ambito.com\/td\/modulos\/encuestas\/js\/function-embeds-min-version-1705810059.js\">A trav\u00e9s de\u00a0los cambios realizados en la ley \u00f3mnibus, que ingres\u00f3 este lunes al Congreso, el Gobierno prev\u00e9 una serie de modificaciones para las\u00a0jubilaciones, pensiones\u00a0<strong>y las jubilaciones de privilegio<\/strong>, uno de los cap\u00edtulos dedicados a los beneficios que recibe \u00abla casta\u00bb pol\u00edtica.<\/p>\n<\/article>\n<article class=\"article-body article-body--second-paragraph content-protected-false\">Mientras tanto, el oficialismo\u00a0<strong>apura las negociaciones en Diputados para lograr aprobar la ley \u00f3mnibus<\/strong>, conseguir el dictamen de mayor\u00eda favorable y que se discuta en el recinto la iniciativa en los pr\u00f3ximos d\u00edas,\u00a0tras la confirmaci\u00f3n de la pr\u00f3rroga de sesiones extraordinarias en el Congreso\u00a0hasta el 15 de febrero pr\u00f3ximo.<\/p>\n<article class=\"article-body article-body--third-paragraph content-protected-false\">\n<p class=\"articleText\">El gobierno modific\u00f3 un art\u00edculo en la ley \u00f3mnibus y ahora\u00a0<strong>se eliminar\u00edan las pensiones y jubilaciones de privilegio para presidente y vicepresidente.<\/strong><\/p>\n<\/article>\n<article class=\"article-body article-body--fourth-paragraph content-protected-false\">\n<p class=\"articleText\">Esto\u00a0<strong>debe ser tratado y aprobado por los legisladores\u00a0<\/strong>para que se concrete como ley y se haga efectiva. La pensi\u00f3n vitalicia de privilegio se calcula con\u00a0<strong>\u201cla suma que por todo concepto corresponda a la remuneraci\u00f3n de los Jueces de la Corte Suprema de Justicia de la Naci\u00f3n\u201d.<\/strong><\/p>\n<p class=\"articleText\">En el caso de fallecer el beneficiario, la pensi\u00f3n ser\u00e1 cobrada por la viuda o viudo, y eventualmente a los hijos hasta que cumplan la mayor\u00eda de edad.<\/p>\n<p>En lo que respecta a las jubilaciones de privilegio, el proyecto modificado que hoy ingres\u00f3 al Congreso dice: \u00abSe eliminan las jubilaciones de privilegio para presidente y Vicepresidente\u00bb.<\/p>\n<\/article>\n<\/article>\n","protected":false},"excerpt":{"rendered":"<p>A trav\u00e9s de\u00a0los cambios realizados en la ley \u00f3mnibus, que ingres\u00f3 este lunes al Congreso, el Gobierno prev\u00e9 una serie<\/p>\n","protected":false},"author":1,"featured_media":11448,"comment_status":"closed","ping_status":"closed","sticky":false,"template":"","format":"standard","meta":{"footnotes":"","jetpack_publicize_message":"","jetpack_publicize_feature_enabled":true,"jetpack_social_post_already_shared":true,"jetpack_social_options":{"image_generator_settings":{"template":"highway","enabled":false},"version":2}},"categories":[12],"tags":[],"class_list":["post-11447","post","type-post","status-publish","format-standard","has-post-thumbnail","hentry","category-politica"],"jetpack_publicize_connections":[],"_links":{"self":[{"href":"https:\/\/diariorepublica.com.ar\/web\/index.php\/wp-json\/wp\/v2\/posts\/11447"}],"collection":[{"href":"https:\/\/diariorepublica.com.ar\/web\/index.php\/wp-json\/wp\/v2\/posts"}],"about":[{"href":"https:\/\/diariorepublica.com.ar\/web\/index.php\/wp-json\/wp\/v2\/types\/post"}],"author":[{"embeddable":true,"href":"https:\/\/diariorepublica.com.ar\/web\/index.php\/wp-json\/wp\/v2\/users\/1"}],"replies":[{"embeddable":true,"href":"https:\/\/diariorepublica.com.ar\/web\/index.php\/wp-json\/wp\/v2\/comments?post=11447"}],"version-history":[{"count":1,"href":"https:\/\/diariorepublica.com.ar\/web\/index.php\/wp-json\/wp\/v2\/posts\/11447\/revisions"}],"predecessor-version":[{"id":11449,"href":"https:\/\/diariorepublica.com.ar\/web\/index.php\/wp-json\/wp\/v2\/posts\/11447\/revisions\/11449"}],"wp:featuredmedia":[{"embeddable":true,"href":"https:\/\/diariorepublica.com.ar\/web\/index.php\/wp-json\/wp\/v2\/media\/11448"}],"wp:attachment":[{"href":"https:\/\/diariorepublica.com.ar\/web\/index.php\/wp-json\/wp\/v2\/media?parent=11447"}],"wp:term":[{"taxonomy":"category","embeddable":true,"href":"https:\/\/diariorepublica.com.ar\/web\/index.php\/wp-json\/wp\/v2\/categories?post=11447"},{"taxonomy":"post_tag","embeddable":true,"href":"https:\/\/diariorepublica.com.ar\/web\/index.php\/wp-json\/wp\/v2\/tags?post=11447"}],"curies":[{"name":"wp","href":"https:\/\/api.w.org\/{rel}","templated":true}]}}