{"id":11521,"date":"2024-01-25T11:35:00","date_gmt":"2024-01-25T14:35:00","guid":{"rendered":"https:\/\/diariorepublica.com.ar\/web\/?p=11521"},"modified":"2024-01-25T17:34:34","modified_gmt":"2024-01-25T20:34:34","slug":"el-gobierno-creara-una-fiscalia-para-investigar-delitos-de-corrupcion","status":"publish","type":"post","link":"https:\/\/diariorepublica.com.ar\/web\/index.php\/politica\/2024\/01\/25\/el-gobierno-creara-una-fiscalia-para-investigar-delitos-de-corrupcion\/","title":{"rendered":"El Gobierno crear\u00e1 una fiscal\u00eda para investigar delitos de corrupci\u00f3n"},"content":{"rendered":"<article id=\"article-post\" class=\"first\">\n<div class=\"cuerpo\" data-twitter-link=\"https:\/\/twitter.com\/intent\/tweet?url=https:\/\/www.diariopopular.com.ar\/c769256&amp;via=poopulardiario&amp;related=Popular&amp;text=\">\n<p>El Gobierno Nacional crear\u00e1<strong>\u00a0una fiscal\u00eda especial para investigar la corrupci\u00f3n de funcionarios p\u00fablicos.<\/strong>\u00a0As\u00ed lo comunic\u00f3 el vocero presidencial,\u00a0<strong>Manuel Adorni<\/strong>, en su habitual conferencia de prensa.<\/p>\n<\/div>\n<\/article>\n<article id=\"article-post\">\n<div class=\"cuerpo\" data-twitter-link=\"https:\/\/twitter.com\/intent\/tweet?url=https:\/\/www.diariopopular.com.ar\/c769256&amp;via=poopulardiario&amp;related=Popular&amp;text=\">\n<p>El funcionario revel\u00f3 que el ministro de Justicia,\u00a0<strong>Mariano Cuneo Libarona<\/strong>, le trasladar\u00e1 la propuesta al procurador general\u00a0<strong>Eduardo Casal\u00a0<\/strong>y especific\u00f3 adem\u00e1s que la fiscal\u00eda investigar\u00e1, en las situaciones en los que se requiera, \u00aben casos de enriquecimiento il\u00edcito e incremento patrimonial no justificados.<\/p>\n<p>\u201cEl ministro de Justicia sugerir\u00e1 la creaci\u00f3n de una fiscal\u00eda especial que se ocupe de investigar la corrupci\u00f3n de los funcionarios p\u00fablicos, especialmente a los que contemplan la figura de enriquecimiento il\u00edcito e incremento patrimonial no justificados\u201d, sostuvo en la previa a la rueda de preguntas con periodistas acreditados.<\/p>\n<p>En la misma l\u00ednea, Adorni especific\u00f3:\u00a0<strong>\u201cIncluir\u00e1 a todos los funcionarios p\u00fablicos nacionales y provinciales, tanto del poder ejecutivo como legislativo. Vamos a recuperar todos los bienes producto del delito\u201d.<\/strong><\/p>\n<p>Una fuente de Gobierno aclar\u00f3\u00a0que la intenci\u00f3n es devolver el valor de lo confiscado a la sociedad y que<strong>\u00a0surgi\u00f3 a modo de mensaje a los gobernadores para torcer el \u201cporoteo\u201d en el Congreso<\/strong>.<\/p>\n<p>Cabe destacar que a pesar de la iniciativa del Gobierno, en la actualidad\u00a0<strong>ya existe un organismo con competencias para investigar delitos de corrupci\u00f3n dentro de la funci\u00f3n p\u00fablica<\/strong>. Se trata de la\u00a0<strong>Procuradur\u00eda de Investigaciones Administrativas (PIA), derivada de la Fiscal\u00eda Nacional de Investigaciones Administrativas, creada a partir de la Ley 24.946 Org\u00e1nica del Ministerio P\u00fablico Fiscal.<\/strong><\/p>\n<p>En el organigrama,\u00a0<strong>la PIA integra la Procuraci\u00f3n General de la Naci\u00f3n<\/strong>, como \u00f3rgano especializado en la \u00abinvestigaci\u00f3n de hechos de corrupci\u00f3n y de irregularidades administrativas cometidas por agentes de la Administraci\u00f3n Nacional\u00bb, detalla la norma de creaci\u00f3n de esa oficina.<\/p>\n<p>Aclara que ser\u00e1n investigados los hechos de corrupci\u00f3n cometidos por\u00a0<strong>\u00abel personal que integra los organismos centralizados, descentralizados o entes en el que el Estado tiene participaci\u00f3n\u00bb<\/strong>. En contrapartida \u00abla Fiscal\u00eda no entiende sobre los hechos que tengan lugar en los Poderes Legislativo o Judicial de la Naci\u00f3n, como tampoco en las instancias de Gobierno provinciales o locales\u00bb, expresa.<\/p>\n<\/div>\n<\/article>\n","protected":false},"excerpt":{"rendered":"<p>El Gobierno Nacional crear\u00e1\u00a0una fiscal\u00eda especial para investigar la corrupci\u00f3n de funcionarios p\u00fablicos.\u00a0As\u00ed lo comunic\u00f3 el vocero presidencial,\u00a0Manuel Adorni, en<\/p>\n","protected":false},"author":1,"featured_media":11522,"comment_status":"closed","ping_status":"closed","sticky":false,"template":"","format":"standard","meta":{"footnotes":"","jetpack_publicize_message":"","jetpack_publicize_feature_enabled":true,"jetpack_social_post_already_shared":true,"jetpack_social_options":{"image_generator_settings":{"template":"highway","enabled":false},"version":2}},"categories":[12],"tags":[],"class_list":["post-11521","post","type-post","status-publish","format-standard","has-post-thumbnail","hentry","category-politica"],"jetpack_publicize_connections":[],"_links":{"self":[{"href":"https:\/\/diariorepublica.com.ar\/web\/index.php\/wp-json\/wp\/v2\/posts\/11521"}],"collection":[{"href":"https:\/\/diariorepublica.com.ar\/web\/index.php\/wp-json\/wp\/v2\/posts"}],"about":[{"href":"https:\/\/diariorepublica.com.ar\/web\/index.php\/wp-json\/wp\/v2\/types\/post"}],"author":[{"embeddable":true,"href":"https:\/\/diariorepublica.com.ar\/web\/index.php\/wp-json\/wp\/v2\/users\/1"}],"replies":[{"embeddable":true,"href":"https:\/\/diariorepublica.com.ar\/web\/index.php\/wp-json\/wp\/v2\/comments?post=11521"}],"version-history":[{"count":1,"href":"https:\/\/diariorepublica.com.ar\/web\/index.php\/wp-json\/wp\/v2\/posts\/11521\/revisions"}],"predecessor-version":[{"id":11523,"href":"https:\/\/diariorepublica.com.ar\/web\/index.php\/wp-json\/wp\/v2\/posts\/11521\/revisions\/11523"}],"wp:featuredmedia":[{"embeddable":true,"href":"https:\/\/diariorepublica.com.ar\/web\/index.php\/wp-json\/wp\/v2\/media\/11522"}],"wp:attachment":[{"href":"https:\/\/diariorepublica.com.ar\/web\/index.php\/wp-json\/wp\/v2\/media?parent=11521"}],"wp:term":[{"taxonomy":"category","embeddable":true,"href":"https:\/\/diariorepublica.com.ar\/web\/index.php\/wp-json\/wp\/v2\/categories?post=11521"},{"taxonomy":"post_tag","embeddable":true,"href":"https:\/\/diariorepublica.com.ar\/web\/index.php\/wp-json\/wp\/v2\/tags?post=11521"}],"curies":[{"name":"wp","href":"https:\/\/api.w.org\/{rel}","templated":true}]}}