{"id":11539,"date":"2024-01-25T10:42:00","date_gmt":"2024-01-25T13:42:00","guid":{"rendered":"https:\/\/diariorepublica.com.ar\/web\/?p=11539"},"modified":"2024-01-25T17:43:44","modified_gmt":"2024-01-25T20:43:44","slug":"javier-milei-repaso-avance-de-ley-omnibus-y-analizo-el-paro-de-la-cgt-junto-a-sus-ministros","status":"publish","type":"post","link":"https:\/\/diariorepublica.com.ar\/web\/index.php\/politica\/2024\/01\/25\/javier-milei-repaso-avance-de-ley-omnibus-y-analizo-el-paro-de-la-cgt-junto-a-sus-ministros\/","title":{"rendered":"Javier Milei repas\u00f3 avance de ley \u00f3mnibus y analiz\u00f3 el paro de la CGT junto a sus ministros"},"content":{"rendered":"<article class=\"article-body article-body--first-paragraph content-protected-false\" data-td-script-src=\"https:\/\/www.ambito.com\/td\/modulos\/encuestas\/js\/function-embeds-min-version-1706155634.js\">El presidente\u00a0<strong>Javier Milei\u00a0<\/strong>repas\u00f3 hoy, junto a sus principales colaboradores del gabinete nacional, el dictamen de la ley \u00f3mnibus, que se tratar\u00e1 en la\u00a0<strong>C\u00e1mara de Diputados\u00a0<\/strong>la semana pr\u00f3xima y que contiene una variedad de proyectos para desregular aspectos de la econom\u00eda.<\/p>\n<\/article>\n<article class=\"article-body article-body--second-paragraph content-protected-false\">El encuentro del jefe de Estado con sus ministros y colaboradores se inici\u00f3 pasadas las 8.30 y finaliz\u00f3 a las 9.45 en el Sal\u00f3n Eva Per\u00f3n de la Casa Rosada.<\/p>\n<\/article>\n<article class=\"article-body article-body--third-paragraph content-protected-false\">Adem\u00e1s, participaron la vicepresidente Victoria Villarruel; la secretaria General de la Presidencia, Karina Milei; el jefe de Gabinete, Nicol\u00e1s Posse; y los ministros Guillermo Francos (Interior), Luis Caputo (Econom\u00eda), Guillermo Ferraro (Infraestructura), Mariano C\u00faneo Libarona (de Justicia), Mario Russo (Salud), Patricia Bullrich (Seguridad), Sandra Pettovello (Capital Humano) y Luis Petri (Defensa).<\/p>\n<\/article>\n<article class=\"article-body article-body--fourth-paragraph content-protected-false\">Tambi\u00e9n estuvieron presentes el secretario de Comunicaci\u00f3n y Prensa, Eduardo Serenellini; el vocero presidencial, Manuel Adorni; el secretario Ejecutivo de Gobierno de la Jefatura de Gabinete, Jos\u00e9 Rolandi; y el asesor presidencial Santiago Caputo.<\/p>\n<\/article>\n<article class=\"article-body article-body--remaining-paragraph content-protected-false\">Por su parte, Adorni tiene previsto ofrecer su habitual conferencia de prensa a las 11 en el Sal\u00f3n de Conferencias de la Casa de Gobierno.<\/p>\n<p>En tanto, de acuerdo a lo informado a T\u00e9lam, Serenellini a las 14.30 recibir\u00e1 a las autoridades del C\u00edrculo Argentino de Periodistas Agrarios (CAPA); y a las 15, junto al ministro de Econom\u00eda, Luis Caputo, mantendr\u00e1 un encuentro de trabajo con c\u00e1maras empresarias para analizar la ley Bases y el DNU 70\/2023.<\/p>\n<p>Ferraro a las 15 tiene pautado un encuentro con el gobernador de Jujuy, Carlos Sadir, para evaluar las obras en la provincia.<\/p>\n<p>Por su parte, Francos a las 15 se reunir\u00e1 con el embajador de los Estados Unidos, Marc Stanley.<\/p>\n<p>A su vez, Bullrich tiene programada una visita a las 10.30 el edificio de la Direcci\u00f3n Nacional del Servicio Penitenciario Federal (SPF).<\/p>\n<p>ambito.com<\/p>\n<\/article>\n","protected":false},"excerpt":{"rendered":"<p>El presidente\u00a0Javier Milei\u00a0repas\u00f3 hoy, junto a sus principales colaboradores del gabinete nacional, el dictamen de la ley \u00f3mnibus, que se<\/p>\n","protected":false},"author":1,"featured_media":11540,"comment_status":"closed","ping_status":"closed","sticky":false,"template":"","format":"standard","meta":{"footnotes":"","jetpack_publicize_message":"","jetpack_publicize_feature_enabled":true,"jetpack_social_post_already_shared":true,"jetpack_social_options":{"image_generator_settings":{"template":"highway","enabled":false},"version":2}},"categories":[12],"tags":[],"class_list":["post-11539","post","type-post","status-publish","format-standard","has-post-thumbnail","hentry","category-politica"],"jetpack_publicize_connections":[],"_links":{"self":[{"href":"https:\/\/diariorepublica.com.ar\/web\/index.php\/wp-json\/wp\/v2\/posts\/11539"}],"collection":[{"href":"https:\/\/diariorepublica.com.ar\/web\/index.php\/wp-json\/wp\/v2\/posts"}],"about":[{"href":"https:\/\/diariorepublica.com.ar\/web\/index.php\/wp-json\/wp\/v2\/types\/post"}],"author":[{"embeddable":true,"href":"https:\/\/diariorepublica.com.ar\/web\/index.php\/wp-json\/wp\/v2\/users\/1"}],"replies":[{"embeddable":true,"href":"https:\/\/diariorepublica.com.ar\/web\/index.php\/wp-json\/wp\/v2\/comments?post=11539"}],"version-history":[{"count":1,"href":"https:\/\/diariorepublica.com.ar\/web\/index.php\/wp-json\/wp\/v2\/posts\/11539\/revisions"}],"predecessor-version":[{"id":11541,"href":"https:\/\/diariorepublica.com.ar\/web\/index.php\/wp-json\/wp\/v2\/posts\/11539\/revisions\/11541"}],"wp:featuredmedia":[{"embeddable":true,"href":"https:\/\/diariorepublica.com.ar\/web\/index.php\/wp-json\/wp\/v2\/media\/11540"}],"wp:attachment":[{"href":"https:\/\/diariorepublica.com.ar\/web\/index.php\/wp-json\/wp\/v2\/media?parent=11539"}],"wp:term":[{"taxonomy":"category","embeddable":true,"href":"https:\/\/diariorepublica.com.ar\/web\/index.php\/wp-json\/wp\/v2\/categories?post=11539"},{"taxonomy":"post_tag","embeddable":true,"href":"https:\/\/diariorepublica.com.ar\/web\/index.php\/wp-json\/wp\/v2\/tags?post=11539"}],"curies":[{"name":"wp","href":"https:\/\/api.w.org\/{rel}","templated":true}]}}