{"id":11548,"date":"2024-01-26T14:53:00","date_gmt":"2024-01-26T17:53:00","guid":{"rendered":"https:\/\/diariorepublica.com.ar\/web\/?p=11548"},"modified":"2024-01-26T16:54:44","modified_gmt":"2024-01-26T19:54:44","slug":"dengue-ya-hay-mas-de-22-mil-contagios-en-el-pais","status":"publish","type":"post","link":"https:\/\/diariorepublica.com.ar\/web\/index.php\/nacionales\/2024\/01\/26\/dengue-ya-hay-mas-de-22-mil-contagios-en-el-pais\/","title":{"rendered":"Dengue: ya hay m\u00e1s de 22 mil contagios en el pa\u00eds"},"content":{"rendered":"<p><strong>En el pa\u00eds, los contagios de dengue ya superan los 22 mil,<\/strong>\u00a0seg\u00fan inform\u00f3 el Ministerio de Salud de la Naci\u00f3n, que alert\u00f3 por el aumento de casos en varias provincias.<\/p>\n<p>El Sistema Nacional de Vigilancia de la Salud report\u00f3<strong>\u00a0desde la \u00faltima semana de julio de 2023 hasta el pasado 14 de enero, 22.394 casos de dengue, y 10 muertes en Corrientes y otras ocho en Misiones.<\/strong><\/p>\n<p>Seg\u00fan el Bolet\u00edn Epidemiol\u00f3gico Nacional,\u00a0<strong>en las \u00faltimas semanas hubo un incremento de casi el 28% en el total de casos registrados:<\/strong>\u00a0los contagios pasaron de 17.540 a 22.394.<\/p>\n<p>De ese total,\u00a0<strong>21.450 son casos de origen aut\u00f3ctono, 600 \u00a0importados y 346 se encuentran bajo investigaci\u00f3n.<\/strong><\/p>\n<p>Se indic\u00f3 adem\u00e1s, que<strong>\u00a0el 94,4% de los contagios se concentran hasta el momento en la regi\u00f3n NEA<\/strong>: Chaco contabiliz\u00f3 9.484; Formosa, 7.650; Corrientes, 2.202; y Misiones, 1.966.<\/p>\n<p>El Gobierno de<strong>\u00a0Corrientes\u00a0<\/strong>inform\u00f3 adem\u00e1s que\u00a0<strong>en la \u00faltima semana murieron 10 personas\u00a0<\/strong>por la enfermedad.<\/p>\n<p>En tanto,<strong>\u00a0en Misiones, otra de las provincias que preocupa, se contabilizaron ocho muertes<\/strong>\u00a0desde que se registr\u00f3 un brote de contagios a principios de diciembre de 2023.<\/p>\n<p>Desde la semana pasada el Gobierno de Misiones activ\u00f3 una campa\u00f1a de vacunaci\u00f3n gratuita contra el dengue para las personas de entre 20 y 40 a\u00f1os, m\u00e1s propensas a contraer la enfermedad y con ciertos riesgos de mortalidad.<\/p>\n<p><strong>En Entre R\u00edos, el Ministerio de Salud provincial registr\u00f3 un incremento del 86% de los casos en la \u00faltima semana,\u00a0<\/strong>por lo decidieron fortalecer las tareas de vigilancia, control y concientizaci\u00f3n en la poblaci\u00f3n para frenar los contagios y la propagaci\u00f3n de la enfermedad.<\/p>\n<p>NA<\/p>\n","protected":false},"excerpt":{"rendered":"<p>En el pa\u00eds, los contagios de dengue ya superan los 22 mil,\u00a0seg\u00fan inform\u00f3 el Ministerio de Salud de la Naci\u00f3n,<\/p>\n","protected":false},"author":1,"featured_media":11549,"comment_status":"closed","ping_status":"closed","sticky":false,"template":"","format":"standard","meta":{"footnotes":"","jetpack_publicize_message":"","jetpack_publicize_feature_enabled":true,"jetpack_social_post_already_shared":true,"jetpack_social_options":{"image_generator_settings":{"template":"highway","enabled":false},"version":2}},"categories":[4],"tags":[],"class_list":["post-11548","post","type-post","status-publish","format-standard","has-post-thumbnail","hentry","category-nacionales"],"jetpack_publicize_connections":[],"_links":{"self":[{"href":"https:\/\/diariorepublica.com.ar\/web\/index.php\/wp-json\/wp\/v2\/posts\/11548"}],"collection":[{"href":"https:\/\/diariorepublica.com.ar\/web\/index.php\/wp-json\/wp\/v2\/posts"}],"about":[{"href":"https:\/\/diariorepublica.com.ar\/web\/index.php\/wp-json\/wp\/v2\/types\/post"}],"author":[{"embeddable":true,"href":"https:\/\/diariorepublica.com.ar\/web\/index.php\/wp-json\/wp\/v2\/users\/1"}],"replies":[{"embeddable":true,"href":"https:\/\/diariorepublica.com.ar\/web\/index.php\/wp-json\/wp\/v2\/comments?post=11548"}],"version-history":[{"count":1,"href":"https:\/\/diariorepublica.com.ar\/web\/index.php\/wp-json\/wp\/v2\/posts\/11548\/revisions"}],"predecessor-version":[{"id":11550,"href":"https:\/\/diariorepublica.com.ar\/web\/index.php\/wp-json\/wp\/v2\/posts\/11548\/revisions\/11550"}],"wp:featuredmedia":[{"embeddable":true,"href":"https:\/\/diariorepublica.com.ar\/web\/index.php\/wp-json\/wp\/v2\/media\/11549"}],"wp:attachment":[{"href":"https:\/\/diariorepublica.com.ar\/web\/index.php\/wp-json\/wp\/v2\/media?parent=11548"}],"wp:term":[{"taxonomy":"category","embeddable":true,"href":"https:\/\/diariorepublica.com.ar\/web\/index.php\/wp-json\/wp\/v2\/categories?post=11548"},{"taxonomy":"post_tag","embeddable":true,"href":"https:\/\/diariorepublica.com.ar\/web\/index.php\/wp-json\/wp\/v2\/tags?post=11548"}],"curies":[{"name":"wp","href":"https:\/\/api.w.org\/{rel}","templated":true}]}}