{"id":11564,"date":"2024-01-29T06:04:00","date_gmt":"2024-01-29T09:04:00","guid":{"rendered":"https:\/\/diariorepublica.com.ar\/web\/?p=11564"},"modified":"2024-01-29T08:06:27","modified_gmt":"2024-01-29T11:06:27","slug":"milei-hay-una-luz-de-alerta-que-dice-que-es-dificil-aguantar-mas-de-un-ano","status":"publish","type":"post","link":"https:\/\/diariorepublica.com.ar\/web\/index.php\/politica\/2024\/01\/29\/milei-hay-una-luz-de-alerta-que-dice-que-es-dificil-aguantar-mas-de-un-ano\/","title":{"rendered":"Milei: \u201cHay una luz de alerta que dice que es dif\u00edcil aguantar m\u00e1s de un a\u00f1o\u00bb"},"content":{"rendered":"<p>El presidente Javier Milei reconoci\u00f3 que el fuerte ajuste para intentar estabilizar la econom\u00eda est\u00e1 provocando un enorme da\u00f1o sobre los bolsillos de la gente.<\/p>\n<p>Cuando se le consult\u00f3 sobre el plazo para ver se\u00f1ales visibles del \u00e9xito del plan, Milei volvi\u00f3 sobre la idea original de que se necesitar\u00edan dos a\u00f1os, pero enseguida admiti\u00f3: \u00abEste proceso puede durar cerca de dos a\u00f1os, y es cierto que hay una luz de alerta que dice que es dif\u00edcil aguantar m\u00e1s de un a\u00f1o\u00bb.<\/p>\n<div class=\"small-12 medium-12 large-12 columns \">\n<div class=\"e-post-text\">\n<p>En una entrevista con The Wall Street Journal, Milei expres\u00f3 no obstante su \u00absatisfacci\u00f3n por el r\u00e1pido progreso\u00bb de las pol\u00edticas del gobierno desde el 10 de diciembre, y advirti\u00f3: \u00abNo hay plan B para hacer las cosas bien\u00bb.<\/p>\n<p>\u00abHac\u00e9s las cosas bien o las hac\u00e9s bien. Porque si el plan B es hacer las cosas m\u00e1s o menos, o negociar&#8230; Esa es la historia de Argentina, as\u00ed estamos\u00bb, enfatiz\u00f3 el jefe de Estado.\u00a0Incluso, dijo estar\u00a0<strong>\u00absorprendido ante la velocidad con la que se est\u00e1n logrando resultados\u00bb<\/strong>.<\/p>\n<p>Sobre la necesidad de realizar inversiones tras los severos ajustes fiscales, Milei enfatiz\u00f3 la importancia de contrarrestar el aumento del ahorro fiscal con las inversiones correspondientes.<\/p>\n<p>Y reconoci\u00f3 que, de no hacerlo, podr\u00edan producirse ca\u00eddas en la actividad econ\u00f3mica, el empleo y los salarios reales.<\/p>\n<p>\u00abEs cierto que necesitar\u00edamos inversiones, porque una de las cosas que sucede es que, cuando hac\u00e9s un ajuste fiscal, aument\u00e1s el ahorro. Si ese ahorro no tiene una contrapartida de inversi\u00f3n, aparece la ca\u00edda de la actividad econ\u00f3mica, la ca\u00edda del empleo y la ca\u00edda de los salarios reales\u00bb, admiti\u00f3.<\/p>\n<p>El presidente tambi\u00e9n abord\u00f3 la privatizaci\u00f3n de empresas estatales, al ratificar que la idea es proceder \u00abtodo lo r\u00e1pido que se pueda\u00bb.\u00a0Aclar\u00f3 que, aunque existen restricciones institucionales, el objetivo es privatizar todo lo posible.<\/p>\n<p>Sobre la dolarizaci\u00f3n, Milei insisti\u00f3 con su argumento: \u00abSi limpiamos los pasivos remunerados del Banco Central, podemos dolarizar por muy poco dinero\u00bb.<\/p>\n<p>En cuanto a los \u00abresultados\u00bb que se estar\u00edan obteniendo, Milei se\u00f1al\u00f3:\u00a0<strong>\u00abLa verdad es que cuando empezamos a ver la forma en la cual est\u00e1n corriendo los datos y c\u00f3mo se est\u00e1 moviendo la inflaci\u00f3n, nosotros mismos estamos sorprendidos por la velocidad con la que estamos alcanzando resultados\u00bb<\/strong>.<\/p>\n<p>Consultado sobre su plan de privatizaciones, el presidente dijo que lo har\u00e1 \u00abtodo lo r\u00e1pido que se pueda\u00bb.<\/p>\n<p>\u00abTodo lo que pueda vender de empresas del Estado lo voy a hacer a la m\u00e1xima brevedad. Pero hay restricciones institucionales\u00bb, aclar\u00f3.<\/p>\n<p>Cuando se le solicitaron detalles sobre las empresas p\u00fablicas que podr\u00edan pasar a manos privadas primero, se\u00f1al\u00f3: \u00abTodo lo que pueda privatizar lo vamos a privatizar. No es una cuesti\u00f3n de nombres, sino de una restricci\u00f3n t\u00e9cnica en t\u00e9rminos de tiempo\u00bb.<\/p>\n<p>Consultado sobre una eventual dolarizaci\u00f3n de la econom\u00eda argentina, explic\u00f3: \u00abNosotros en el \u00faltimo mes compramos 5.000 millones de d\u00f3lares y la base monetaria es de casi 8.000 millones de d\u00f3lares, con lo cual, si nosotros termin\u00e1ramos de limpiar todos los pasivos remunerados del Banco Central, estar\u00edamos en condiciones de dolarizar por muy poco dinero\u00bb.<\/p>\n<p>Y al consultarle si segu\u00eda pensando en adoptar el d\u00f3lar como moneda, aclar\u00f3: \u00abSiempre hemos hablado de una libre competencia de monedas de lo que elijan los argentinos. Es probable que en un momento inicial elijan el d\u00f3lar\u00bb.<\/p>\n<\/div>\n<\/div>\n","protected":false},"excerpt":{"rendered":"<p>El presidente Javier Milei reconoci\u00f3 que el fuerte ajuste para intentar estabilizar la econom\u00eda est\u00e1 provocando un enorme da\u00f1o sobre<\/p>\n","protected":false},"author":1,"featured_media":11565,"comment_status":"closed","ping_status":"closed","sticky":false,"template":"","format":"standard","meta":{"footnotes":"","jetpack_publicize_message":"","jetpack_publicize_feature_enabled":true,"jetpack_social_post_already_shared":true,"jetpack_social_options":{"image_generator_settings":{"template":"highway","enabled":false},"version":2}},"categories":[12],"tags":[],"class_list":["post-11564","post","type-post","status-publish","format-standard","has-post-thumbnail","hentry","category-politica"],"jetpack_publicize_connections":[],"_links":{"self":[{"href":"https:\/\/diariorepublica.com.ar\/web\/index.php\/wp-json\/wp\/v2\/posts\/11564"}],"collection":[{"href":"https:\/\/diariorepublica.com.ar\/web\/index.php\/wp-json\/wp\/v2\/posts"}],"about":[{"href":"https:\/\/diariorepublica.com.ar\/web\/index.php\/wp-json\/wp\/v2\/types\/post"}],"author":[{"embeddable":true,"href":"https:\/\/diariorepublica.com.ar\/web\/index.php\/wp-json\/wp\/v2\/users\/1"}],"replies":[{"embeddable":true,"href":"https:\/\/diariorepublica.com.ar\/web\/index.php\/wp-json\/wp\/v2\/comments?post=11564"}],"version-history":[{"count":1,"href":"https:\/\/diariorepublica.com.ar\/web\/index.php\/wp-json\/wp\/v2\/posts\/11564\/revisions"}],"predecessor-version":[{"id":11566,"href":"https:\/\/diariorepublica.com.ar\/web\/index.php\/wp-json\/wp\/v2\/posts\/11564\/revisions\/11566"}],"wp:featuredmedia":[{"embeddable":true,"href":"https:\/\/diariorepublica.com.ar\/web\/index.php\/wp-json\/wp\/v2\/media\/11565"}],"wp:attachment":[{"href":"https:\/\/diariorepublica.com.ar\/web\/index.php\/wp-json\/wp\/v2\/media?parent=11564"}],"wp:term":[{"taxonomy":"category","embeddable":true,"href":"https:\/\/diariorepublica.com.ar\/web\/index.php\/wp-json\/wp\/v2\/categories?post=11564"},{"taxonomy":"post_tag","embeddable":true,"href":"https:\/\/diariorepublica.com.ar\/web\/index.php\/wp-json\/wp\/v2\/tags?post=11564"}],"curies":[{"name":"wp","href":"https:\/\/api.w.org\/{rel}","templated":true}]}}