{"id":11579,"date":"2024-01-29T01:13:00","date_gmt":"2024-01-29T04:13:00","guid":{"rendered":"https:\/\/diariorepublica.com.ar\/web\/?p=11579"},"modified":"2024-01-29T08:14:41","modified_gmt":"2024-01-29T11:14:41","slug":"godoy-cruz-le-gano-a-defensa-y-justicia","status":"publish","type":"post","link":"https:\/\/diariorepublica.com.ar\/web\/index.php\/deportes\/2024\/01\/29\/godoy-cruz-le-gano-a-defensa-y-justicia\/","title":{"rendered":"Godoy Cruz le gan\u00f3 a Defensa y Justicia\u00a0"},"content":{"rendered":"<article id=\"article-post\" class=\"first\">\n<div class=\"cuerpo\" data-twitter-link=\"https:\/\/twitter.com\/intent\/tweet?url=https:\/\/www.diariopopular.com.ar\/c769816&amp;via=poopulardiario&amp;related=Popular&amp;text=\">\n<p><strong>Godoy Cruz derrot\u00f3 2-0 a Defensa y Justicia en el estadio V\u00edctor Antonio Legrotaglie, por la primera fecha de la Zona B de la Copa de la Liga Profesional.\u00a0<\/strong>Tom\u00e1s Conechny -de penal- y Hern\u00e1n L\u00f3pez Mu\u00f1oz convirtieron los goles del Tomba.<\/p>\n<\/div>\n<\/article>\n<article id=\"article-post\">\n<div class=\"cuerpo\" data-twitter-link=\"https:\/\/twitter.com\/intent\/tweet?url=https:\/\/www.diariopopular.com.ar\/c769816&amp;via=poopulardiario&amp;related=Popular&amp;text=\">\n<p>Godoy Cruz mantuvo la base de su plantel, Daniel Oldr\u00e1 finalmente se qued\u00f3, y los pocos refuerzos que llegaron se acoplaron bien y r\u00e1pido.\u00a0<strong>El Tomba demostr\u00f3 que no fue solo un buen torneo, reivindic\u00f3 lo hecho en el pasado semestre y demostr\u00f3 que est\u00e1 para grandes ambiciones:<\/strong>\u00a0pelear el torneo y clasificar a la fase de grupos de la Copa Libertadores.<\/p>\n<p>Del otro lado, un\u00a0<strong>Defensa y Justicia desdibujado<\/strong>, que si bien tiene la misma intenci\u00f3n de juego que se le conoce hace a\u00f1os independientemente del t\u00e9cnico o los jugadores, las m\u00faltiples bajas y las pocas incorporaciones resintieron un funcionamiento aceitado de la mano de Vaccari.\u00a0<strong>Mendoza tuvo demasiada altura para el Halc\u00f3n, que no hizo pie<\/strong>.<\/p>\n<p><strong>Los<\/strong>\u00a0<strong>mendocinos fueron ampliamente superiores en el primer tiempo y generaron cuatro situaciones de gol<\/strong>: una chilena de Conechny -el m\u00e1s picante en ataque- que peg\u00f3 en el palo y un remate desde 35 metros que revent\u00f3 el otro poste fueron las dos m\u00e1s claras. Si los de Varela no cambiaban la postura, era solo cuesti\u00f3n de afinar la punter\u00eda para Godoy Cruz en el complemento.<\/p>\n<div id=\"embed9_wrap\" class=\"embed_cont type_freetext\" contenteditable=\"false\">\n<div id=\"embed9_content\" class=\"embed_content\">\n<div id=\"embed9_embed\">\n<div class=\"video_container\"><iframe loading=\"lazy\" class=\"video_iframe\" src=\"https:\/\/www.youtube.com\/embed\/IPg9MBKxRTQ\" width=\"100%\" height=\"360\" frameborder=\"0\" scrolling=\"no\" data-gtm-yt-inspected-11=\"true\" data-mce-fragment=\"1\"><\/iframe><\/div>\n<\/div>\n<\/div>\n<div id=\"embed9_epigrafe\" class=\"embed_epigrafe\"><\/div>\n<div id=\"embed9_copyright\" class=\"embed_copyright\"><\/div>\n<\/div>\n<p>Y as\u00ed fue. Primero, de pelota parada, arma con la cual tambi\u00e9n gener\u00f3 peligro en el primer tiempo, logr\u00f3 ponerse en ventaja tras un c\u00f3rner cabeceado por el propio Conechny. A instancias del VAR, el \u00e1rbitro revis\u00f3 la acci\u00f3n y la anul\u00f3 porque interpret\u00f3 que Cejas, adelantado, intervino en la jugada pese a no tocar la pelota, pero s\u00ed interfiriendo en la respuesta del arquero Bologna.<\/p>\n<p>Minutos despu\u00e9s, una avivada del L\u00f3pez Mu\u00f1oz -que se quede el 8 es mejor que cualquier refuerzo que hubiese llegado- deriv\u00f3 en un\u00a0<strong>penal por mano de Ramos Mingo y Conechny<\/strong>, con sed de revancha luego de dos claras y un gol injustamente -seg\u00fan su interpretaci\u00f3n- anulado, se hizo cargo de la ejecuci\u00f3n y\u00a0<strong>con un sutil remate adelant\u00f3 al Tomba<\/strong>.<\/p>\n<p>Instant\u00e1neamente despu\u00e9s, tras el saque del medio de Defensa,\u00a0<strong>Godoy Cruz aprovech\u00f3 el envi\u00f3n y L\u00f3pez Mu\u00f1oz, con un seco remate de zurda desde la puerta del \u00e1rea, sentenci\u00f3 la historia<\/strong>. Los de Oldr\u00e1 tuvieron otras dos claras para transformar un s\u00f3lido triunfo en una merecida goleada, pero err\u00f3. De todos modos, triunfazo para un equipo con ambici\u00f3n. Y duro golpe para otro de importantes objetivos.<\/p>\n<p>En la pr\u00f3xima fecha, Godoy Cruz visitar\u00e1 a Central C\u00f3rdoba de Santiago del Estero el jueves, mientras que Defensa y Justicia recibir\u00e1 a Platense el mi\u00e9rcoles.<\/p>\n<\/div>\n<\/article>\n","protected":false},"excerpt":{"rendered":"<p>Godoy Cruz derrot\u00f3 2-0 a Defensa y Justicia en el estadio V\u00edctor Antonio Legrotaglie, por la primera fecha de la<\/p>\n","protected":false},"author":1,"featured_media":11580,"comment_status":"closed","ping_status":"closed","sticky":false,"template":"","format":"standard","meta":{"footnotes":"","jetpack_publicize_message":"","jetpack_publicize_feature_enabled":true,"jetpack_social_post_already_shared":true,"jetpack_social_options":{"image_generator_settings":{"template":"highway","enabled":false},"version":2}},"categories":[9],"tags":[],"class_list":["post-11579","post","type-post","status-publish","format-standard","has-post-thumbnail","hentry","category-deportes"],"jetpack_publicize_connections":[],"_links":{"self":[{"href":"https:\/\/diariorepublica.com.ar\/web\/index.php\/wp-json\/wp\/v2\/posts\/11579"}],"collection":[{"href":"https:\/\/diariorepublica.com.ar\/web\/index.php\/wp-json\/wp\/v2\/posts"}],"about":[{"href":"https:\/\/diariorepublica.com.ar\/web\/index.php\/wp-json\/wp\/v2\/types\/post"}],"author":[{"embeddable":true,"href":"https:\/\/diariorepublica.com.ar\/web\/index.php\/wp-json\/wp\/v2\/users\/1"}],"replies":[{"embeddable":true,"href":"https:\/\/diariorepublica.com.ar\/web\/index.php\/wp-json\/wp\/v2\/comments?post=11579"}],"version-history":[{"count":1,"href":"https:\/\/diariorepublica.com.ar\/web\/index.php\/wp-json\/wp\/v2\/posts\/11579\/revisions"}],"predecessor-version":[{"id":11581,"href":"https:\/\/diariorepublica.com.ar\/web\/index.php\/wp-json\/wp\/v2\/posts\/11579\/revisions\/11581"}],"wp:featuredmedia":[{"embeddable":true,"href":"https:\/\/diariorepublica.com.ar\/web\/index.php\/wp-json\/wp\/v2\/media\/11580"}],"wp:attachment":[{"href":"https:\/\/diariorepublica.com.ar\/web\/index.php\/wp-json\/wp\/v2\/media?parent=11579"}],"wp:term":[{"taxonomy":"category","embeddable":true,"href":"https:\/\/diariorepublica.com.ar\/web\/index.php\/wp-json\/wp\/v2\/categories?post=11579"},{"taxonomy":"post_tag","embeddable":true,"href":"https:\/\/diariorepublica.com.ar\/web\/index.php\/wp-json\/wp\/v2\/tags?post=11579"}],"curies":[{"name":"wp","href":"https:\/\/api.w.org\/{rel}","templated":true}]}}