{"id":11604,"date":"2024-01-30T00:14:00","date_gmt":"2024-01-30T03:14:00","guid":{"rendered":"https:\/\/diariorepublica.com.ar\/web\/?p=11604"},"modified":"2024-01-30T08:16:07","modified_gmt":"2024-01-30T11:16:07","slug":"nacieron-las-gemelas-de-daniela-celis-y-thiago","status":"publish","type":"post","link":"https:\/\/diariorepublica.com.ar\/web\/index.php\/espectaculos\/2024\/01\/30\/nacieron-las-gemelas-de-daniela-celis-y-thiago\/","title":{"rendered":"Nacieron las gemelas de Daniela Celis y Thiago"},"content":{"rendered":"<article id=\"article-post\" class=\"first\">\n<div class=\"cuerpo\" data-twitter-link=\"https:\/\/twitter.com\/intent\/tweet?url=https:\/\/www.diariopopular.com.ar\/c769925&amp;via=poopulardiario&amp;related=Popular&amp;text=\">\n<p>\u00a1Se agrand\u00f3 la familia de Gran Hermano! Este lunes, la pareja conformada por los \u00abhermanitos\u00bb\u00a0<strong>Daniela Celis<\/strong>\u00a0y\u00a0<strong>Thiago Medina<\/strong>\u00a0se convirtieron en padres de gemelas.<\/p>\n<\/div>\n<\/article>\n<article id=\"article-post\">\n<div class=\"cuerpo\" data-twitter-link=\"https:\/\/twitter.com\/intent\/tweet?url=https:\/\/www.diariopopular.com.ar\/c769925&amp;via=poopulardiario&amp;related=Popular&amp;text=\">\n<p>Alrededor de las 10.30 de la ma\u00f1ana, y por ces\u00e1rea, nacieron\u00a0<strong>Aim\u00e9<\/strong>\u00a0y\u00a0<strong>Laia<\/strong>, fruto del amor de quienes se conocieron en la edici\u00f3n pasada del reality show que se emite por la pantalla de Telefe.<\/p>\n<p>De acuerdo con lo que dijo Silvia, la abuela materna, ambas nacieron con buen peso, lo que les permiti\u00f3<strong>\u00a0no quedar internadas en neonatolog\u00eda\u00a0<\/strong>como pod\u00eda haber pasado sucedido trat\u00e1ndose de un embarazo gemelar.<\/p>\n<p><strong>\u201cSon dos gordas hermosas. Ya estoy instalada en la casa de ella para ayudarla. Dani no quer\u00eda que fueran a neo. Ella com\u00eda por los cuatro costados para que no fueran a neo\u201d<\/strong>, coment\u00f3 la mujer en di\u00e1logo con A la Barbarossa (Telefe).<\/p>\n<p>Los nombres de las gemelas fueron elegidos por sus padres despu\u00e9s de que confeccionaran un largo listado de posibilidades en los que la influencer tuvo m\u00e1s peso que Thiago. Aim\u00e9 es de origen franc\u00e9s y significa \u201camada\u201d o \u201cquerida\u201d, mientras que Laia es un nombre de origen catal\u00e1n que significa \u201cla que trabaja\u201d o \u201cla que lucha\u201d.<\/p>\n<p><strong>\u00abPor ahora no va ninguna a neo, 2.500 Aime y 2.750 Laia\u00bb<\/strong>, le escribi\u00f3 Daniela por mensaje de WhatsApp a Silvia a las 10.44, momento en el que la estaban suturando. Enseguida complement\u00f3 la informaci\u00f3n de rigor, el largo de cada una:\u00a0<strong>\u00ab46 mide Aime y 46,5 Laia\u00bb.<\/strong><\/p>\n<p><strong>Esta ma\u00f1ana, al llegar al Hospital Austral de Pilar, los padres primerizos compartieron sus sensaciones a trav\u00e9s de la cuenta en Instagram de las gemelas, llamada @gemelos_medinacelis.<\/strong><\/p>\n<p>Los exparticipantes de Gran Hermano publicaron un video de su llegada al Hospital y se sacaron fotos dentro de la cl\u00ednica. En la cuenta adem\u00e1s, compartieron un mensaje en las historias que dice: \u00abEn cualquier momento del d\u00eda que veas esto y quieras aportar siendo parte de nuestro nacimiento, prendan una vela\u00bb.<\/p>\n<p>\u00abEnviando mucho amor, luz y salud para que todo salga b\u00e1rbaro, as\u00ed tenemos el alta los 4 el mi\u00e9rcoles. Gracias por acompa\u00f1arnos, los amamos\u00bb, a\u00f1ade.<\/p>\n<div id=\"690741-Libre-1304136459_wrap\" class=\"embed_cont type_imagen\" contenteditable=\"false\">\n<div id=\"690741-Libre-1304136459_content\" class=\"embed_content\"><img decoding=\"async\" id=\"690741-Libre-1304136459_embed\" title=\"\" src=\"https:\/\/media.diariopopular.com.ar\/p\/47c19baa7fe639691a7a24d60a70e5ea\/adjuntos\/143\/imagenes\/008\/133\/0008133987\/1140x0\/smart\/celis-embarazada-2jpg.jpg\" alt=\"\" width=\"1140\" height=\"undefined\" longdesc=\"https:\/\/media.diariopopular.com.ar\/p\/47c19baa7fe639691a7a24d60a70e5ea\/adjuntos\/143\/imagenes\/008\/133\/0008133987\/1140x0\/smart\/celis-embarazada-2jpg.jpg\" \/><\/div>\n<\/div>\n<\/div>\n<\/article>\n","protected":false},"excerpt":{"rendered":"<p>\u00a1Se agrand\u00f3 la familia de Gran Hermano! Este lunes, la pareja conformada por los \u00abhermanitos\u00bb\u00a0Daniela Celis\u00a0y\u00a0Thiago Medina\u00a0se convirtieron en padres<\/p>\n","protected":false},"author":1,"featured_media":11605,"comment_status":"closed","ping_status":"closed","sticky":false,"template":"","format":"standard","meta":{"footnotes":"","jetpack_publicize_message":"","jetpack_publicize_feature_enabled":true,"jetpack_social_post_already_shared":true,"jetpack_social_options":{"image_generator_settings":{"template":"highway","enabled":false},"version":2}},"categories":[7],"tags":[],"class_list":["post-11604","post","type-post","status-publish","format-standard","has-post-thumbnail","hentry","category-espectaculos"],"jetpack_publicize_connections":[],"_links":{"self":[{"href":"https:\/\/diariorepublica.com.ar\/web\/index.php\/wp-json\/wp\/v2\/posts\/11604"}],"collection":[{"href":"https:\/\/diariorepublica.com.ar\/web\/index.php\/wp-json\/wp\/v2\/posts"}],"about":[{"href":"https:\/\/diariorepublica.com.ar\/web\/index.php\/wp-json\/wp\/v2\/types\/post"}],"author":[{"embeddable":true,"href":"https:\/\/diariorepublica.com.ar\/web\/index.php\/wp-json\/wp\/v2\/users\/1"}],"replies":[{"embeddable":true,"href":"https:\/\/diariorepublica.com.ar\/web\/index.php\/wp-json\/wp\/v2\/comments?post=11604"}],"version-history":[{"count":1,"href":"https:\/\/diariorepublica.com.ar\/web\/index.php\/wp-json\/wp\/v2\/posts\/11604\/revisions"}],"predecessor-version":[{"id":11606,"href":"https:\/\/diariorepublica.com.ar\/web\/index.php\/wp-json\/wp\/v2\/posts\/11604\/revisions\/11606"}],"wp:featuredmedia":[{"embeddable":true,"href":"https:\/\/diariorepublica.com.ar\/web\/index.php\/wp-json\/wp\/v2\/media\/11605"}],"wp:attachment":[{"href":"https:\/\/diariorepublica.com.ar\/web\/index.php\/wp-json\/wp\/v2\/media?parent=11604"}],"wp:term":[{"taxonomy":"category","embeddable":true,"href":"https:\/\/diariorepublica.com.ar\/web\/index.php\/wp-json\/wp\/v2\/categories?post=11604"},{"taxonomy":"post_tag","embeddable":true,"href":"https:\/\/diariorepublica.com.ar\/web\/index.php\/wp-json\/wp\/v2\/tags?post=11604"}],"curies":[{"name":"wp","href":"https:\/\/api.w.org\/{rel}","templated":true}]}}