{"id":11610,"date":"2024-01-30T00:17:00","date_gmt":"2024-01-30T03:17:00","guid":{"rendered":"https:\/\/diariorepublica.com.ar\/web\/?p=11610"},"modified":"2024-01-30T08:19:51","modified_gmt":"2024-01-30T11:19:51","slug":"gobernadores-pidieron-coparticipar-el-impuesto-pais-pero-nacion-patea-y-tensa-el-debate","status":"publish","type":"post","link":"https:\/\/diariorepublica.com.ar\/web\/index.php\/politica\/2024\/01\/30\/gobernadores-pidieron-coparticipar-el-impuesto-pais-pero-nacion-patea-y-tensa-el-debate\/","title":{"rendered":"Gobernadores pidieron coparticipar el impuesto PAIS pero Naci\u00f3n patea (y tensa) el debate"},"content":{"rendered":"<article class=\"article-body article-body--first-paragraph content-protected-false\" data-td-script-src=\"https:\/\/www.ambito.com\/td\/modulos\/encuestas\/js\/function-embeds-min-version-1706587664.js\">\n<p align=\"justify\">\u00a0La celebraci\u00f3n velada de un gobernador marc\u00f3 el tono de la cumbre que este lunes reuni\u00f3 a jefes provinciales, legisladores de diversos espacios pol\u00edticos y al ministro del Interior,\u00a0<strong>Guillermo Francos<\/strong>, en la sede porte\u00f1a del\u00a0<strong>Consejo Federal de Inversiones (CFI)\u00a0<\/strong>para lograr nuevos puntos de encuentro y asegurar el\u00a0<strong>tratamiento de la ley \u00f3mnibus el mi\u00e9rcoles en Diputados.<\/strong><\/p>\n<\/article>\n<article class=\"article-body article-body--second-paragraph content-protected-false\">\n<p align=\"justify\">Desde las \u00f3rbitas de<strong>\u00a0los jefes provinciales trascendi\u00f3 que el c\u00f3nclave tuvo como desenlace un acuerdo entre los distritos y la Casa Rosada para hacer coparticipable el 30% del Impuesto PAIS.<\/strong>\u00a0La propuesta fue llevada ante Francos por los mandatarios y sus legisladores.\u00a0<span id=\"saysCMSEmphasislpcwu7tb3pe\" class=\"saysCMSEmphasis\">Lo cierto es que, m\u00e1s tarde, Naci\u00f3n desestim\u00f3 esa versi\u00f3n y aclar\u00f3 que \u00ablos temas fiscales no se discutir\u00e1n en esta ley\u00bb.<\/span><\/p>\n<article class=\"article-body article-body--third-paragraph content-protected-false\">\n<p align=\"justify\">Ahora, la \u00faltima palabra la tendr\u00e1 el presidente\u00a0<strong>Javier Milei<\/strong>. Los gobernadores aguardan un gesto para que, despu\u00e9s de una semana cargada de amenazas y fuego cruzado,\u00a0<strong>se termine de sellar el acuerdo parlamentario<\/strong>.<\/p>\n<\/article>\n<article class=\"article-body article-body--fourth-paragraph content-protected-false\">\n<h6 align=\"justify\">Cumbre de gobernadores y legisladores con Guillermo Francos<\/h6>\n<p align=\"justify\">La administraci\u00f3n de\u00a0<strong>La Libertad Avanza (LLA)\u00a0<\/strong>espera tener el apoyo en la C\u00e1mara baja para que por fin el tan postergado mega proyecto avance en el parlamento.\u00a0<span id=\"saysCMSEmphasis2utni8cnl9x\" class=\"saysCMSEmphasis\">La cumbre tuvo como particularidad haber reunido a dirigentes de escuder\u00edas variopintas, aunque todos con voluntad de \u00abayudar\u00bb a que Naci\u00f3n tenga finalmente aprobado su paquete.<\/span><\/p>\n<\/article>\n<article class=\"article-body article-body--remaining-paragraph content-protected-false\">\n<p align=\"justify\">Los mandamases que dijeron presente fueron\u00a0<strong>Mart\u00edn Llaryora<\/strong>\u00a0(C\u00f3rdoba);\u00a0<strong>Leandro Zdero<\/strong>\u00a0(Chaco);\u00a0<strong>Ignacio Torres<\/strong>\u00a0(Chubut);\u00a0<strong>Rogelio Frigerio<\/strong>\u00a0(Entre R\u00edos);\u00a0<strong>Marcelo Orrego<\/strong>\u00a0(San Juan); y\u00a0<strong>Maximiliano Pullaro<\/strong>\u00a0(Santa Fe); y\u00a0<strong>Jorge Macri\u00a0<\/strong>(Ciudad).<\/p>\n<p align=\"justify\">Todos, a excepci\u00f3n del peronista no K Llaryora, son de\u00a0<strong>Juntos por el Cambio (JxC). Catamarca y Tucum\u00e1n<\/strong>, dos provincias administradas por el justicialismo, en tanto,<span id=\"saysCMSEmphasisn3wnc6b5yha\" class=\"saysCMSEmphasis\">\u00a0enviaron a sus vicegobernadores y reforzaron su posici\u00f3n aut\u00f3noma respecto a Uni\u00f3n por la Patria (UP).<\/span><\/p>\n<p align=\"justify\">Francos, por su parte, fue de los primeros en llegar. Su visita dur\u00f3 apenas media hora. Casi treinta minutos despu\u00e9s de su arribo, el funcionario nacional parti\u00f3 en su camioneta, levantando el pulgar.<span id=\"saysCMSEmphasisu7znnb1gau\" class=\"saysCMSEmphasis\">\u00a0\u00abEl clima del encuentro fue muy bueno\u00bb,\u00a0<\/span>detallaron desde su entorno. En cuanto al curso de la reuni\u00f3n, un diputado en fuga coment\u00f3: \u00ab<strong>El pa\u00eds no se acaba el viernes\u00bb.<\/strong><\/p>\n<p align=\"justify\">Aunque catastr\u00f3fica en su esp\u00edritu, la frase refiere a que continuar\u00e1n las negociaciones con el oficialismo.\u00a0<span id=\"saysCMSEmphasisgftsr9ic3hb\" class=\"saysCMSEmphasis\">\u00abEsto destraba algo que las provincias pueden vender\u00bb,<\/span>\u00a0apunt\u00f3 otra voz que particip\u00f3 del mitin. A la vez, fuentes al tanto de las negociaciones indicaron que la pulseada por los biocombustibles \u00abest\u00e1 cerca de saldarse\u00bb.\u00a0<strong>\u00abLa cosa es c\u00f3mo se escribe, hoy todo pasa por ah\u00ed\u00bb, explicaron. De momento, la letra chica juega un partido aparte.<\/strong><\/p>\n<p align=\"justify\">En v\u00edsperas del c\u00f3nclave, el tucumano\u00a0<strong>Osvaldo Jaldo\u00a0<\/strong>hab\u00eda confirmado su presencia luego de oficializar su ruptura con UP. Sin embargo, horas m\u00e1s tarde, decidi\u00f3 desistir el convite y finalmente no viajar\u00e1. La secuencia fue revelada a este medio desde el entorno del jefe provincial. Lo propio hizo el misionero\u00a0<strong>Hugo Passalacqua<\/strong>, ausente en el CFI.<\/p>\n<p align=\"justify\">El Congreso, en tanto, dijo presente. Estuvieron los diputados\u00a0<strong>Nicol\u00e1s Massot; Emilio Monz\u00f3; Miguel \u00c1ngel Pichetto; Rodrigo de Loredo; Diego Santilli; y Ricardo L\u00f3pez Murphy,<\/strong>\u00a0entre otros.<\/p>\n<p align=\"justify\">ambito.com<\/p>\n<\/article>\n<\/article>\n","protected":false},"excerpt":{"rendered":"<p>\u00a0La celebraci\u00f3n velada de un gobernador marc\u00f3 el tono de la cumbre que este lunes reuni\u00f3 a jefes provinciales, legisladores<\/p>\n","protected":false},"author":1,"featured_media":11611,"comment_status":"closed","ping_status":"closed","sticky":false,"template":"","format":"standard","meta":{"footnotes":"","jetpack_publicize_message":"","jetpack_publicize_feature_enabled":true,"jetpack_social_post_already_shared":true,"jetpack_social_options":{"image_generator_settings":{"template":"highway","enabled":false},"version":2}},"categories":[12],"tags":[],"class_list":["post-11610","post","type-post","status-publish","format-standard","has-post-thumbnail","hentry","category-politica"],"jetpack_publicize_connections":[],"_links":{"self":[{"href":"https:\/\/diariorepublica.com.ar\/web\/index.php\/wp-json\/wp\/v2\/posts\/11610"}],"collection":[{"href":"https:\/\/diariorepublica.com.ar\/web\/index.php\/wp-json\/wp\/v2\/posts"}],"about":[{"href":"https:\/\/diariorepublica.com.ar\/web\/index.php\/wp-json\/wp\/v2\/types\/post"}],"author":[{"embeddable":true,"href":"https:\/\/diariorepublica.com.ar\/web\/index.php\/wp-json\/wp\/v2\/users\/1"}],"replies":[{"embeddable":true,"href":"https:\/\/diariorepublica.com.ar\/web\/index.php\/wp-json\/wp\/v2\/comments?post=11610"}],"version-history":[{"count":1,"href":"https:\/\/diariorepublica.com.ar\/web\/index.php\/wp-json\/wp\/v2\/posts\/11610\/revisions"}],"predecessor-version":[{"id":11612,"href":"https:\/\/diariorepublica.com.ar\/web\/index.php\/wp-json\/wp\/v2\/posts\/11610\/revisions\/11612"}],"wp:featuredmedia":[{"embeddable":true,"href":"https:\/\/diariorepublica.com.ar\/web\/index.php\/wp-json\/wp\/v2\/media\/11611"}],"wp:attachment":[{"href":"https:\/\/diariorepublica.com.ar\/web\/index.php\/wp-json\/wp\/v2\/media?parent=11610"}],"wp:term":[{"taxonomy":"category","embeddable":true,"href":"https:\/\/diariorepublica.com.ar\/web\/index.php\/wp-json\/wp\/v2\/categories?post=11610"},{"taxonomy":"post_tag","embeddable":true,"href":"https:\/\/diariorepublica.com.ar\/web\/index.php\/wp-json\/wp\/v2\/tags?post=11610"}],"curies":[{"name":"wp","href":"https:\/\/api.w.org\/{rel}","templated":true}]}}