{"id":11622,"date":"2024-01-30T10:03:29","date_gmt":"2024-01-30T13:03:29","guid":{"rendered":"https:\/\/diariorepublica.com.ar\/web\/?p=11622"},"modified":"2024-01-30T10:03:32","modified_gmt":"2024-01-30T13:03:32","slug":"susana-gimenez-vuelve-a-telefe-con-una-entrevista-historica-a-javier-milei","status":"publish","type":"post","link":"https:\/\/diariorepublica.com.ar\/web\/index.php\/espectaculos\/2024\/01\/30\/susana-gimenez-vuelve-a-telefe-con-una-entrevista-historica-a-javier-milei\/","title":{"rendered":"Susana Gim\u00e9nez vuelve a Telefe con una entrevista hist\u00f3rica a Javier Milei"},"content":{"rendered":"<p><b>Susana Gim\u00e9nez<\/b>, la estrella n\u00famero uno de la Argentina, regresa a la televisi\u00f3n y a la pantalla de\u00a0<b>Telefe<\/b>\u00a0con un programa especial e hist\u00f3rico en el que tendr\u00e1 un encuentro \u00fanico con el Presidente de la Naci\u00f3n,\u00a0<b>Javier Milei<\/b>.<\/p>\n<p>El regreso de Susana y su mano a mano con Milei es el pr\u00f3ximo\u00a0<b>lunes 5 de febrero de 2024 a las 21.45 horas<\/b>\u00a0con una entrevista exclusiva.<\/p>\n<p>Susana visitar\u00e1 al primer mandatario y tendr\u00e1 su charla con \u00e9l en el mism\u00edsimo despacho presidencial de la\u00a0<b>Casa Rosada<\/b>.<\/p>\n<p>El regreso de la diva como la entrevista con Milei es coproducida por Telefe y 22, la productora de Luis y Bernarda Cella. Ella vuelve a la televisi\u00f3n luego de la emisi\u00f3n de\u00a0sus especiales de 2018\u00a0y de\u00a0<i>Susana, invitada de honor<\/i>, programa de\u00a0<b>Paramount+<\/b>\u00a0realizado entre 2021 y 2022.<\/p>\n<p>El\u00a0<b>lunes 5 de febrero a las 21.45 hs<\/b>. ocurrir\u00e1 el tan esperado regreso a la pantalla de Susana en un acontecimiento sin precedentes. La conductora n\u00famero uno ya entrevist\u00f3 a otros presidentes de la Rep\u00fablica Argentina como Carlos Sa\u00fal Menem, Fernando de la R\u00faa y Mauricio Macri, y ahora el economista libertario se suma a esa lista en una charla que promete ser hist\u00f3rica.<\/p>\n","protected":false},"excerpt":{"rendered":"<p>Susana Gim\u00e9nez, la estrella n\u00famero uno de la Argentina, regresa a la televisi\u00f3n y a la pantalla de\u00a0Telefe\u00a0con un programa<\/p>\n","protected":false},"author":1,"featured_media":11623,"comment_status":"closed","ping_status":"closed","sticky":false,"template":"","format":"standard","meta":{"footnotes":"","jetpack_publicize_message":"","jetpack_publicize_feature_enabled":true,"jetpack_social_post_already_shared":true,"jetpack_social_options":{"image_generator_settings":{"template":"highway","enabled":false},"version":2}},"categories":[7],"tags":[],"class_list":["post-11622","post","type-post","status-publish","format-standard","has-post-thumbnail","hentry","category-espectaculos"],"jetpack_publicize_connections":[],"_links":{"self":[{"href":"https:\/\/diariorepublica.com.ar\/web\/index.php\/wp-json\/wp\/v2\/posts\/11622"}],"collection":[{"href":"https:\/\/diariorepublica.com.ar\/web\/index.php\/wp-json\/wp\/v2\/posts"}],"about":[{"href":"https:\/\/diariorepublica.com.ar\/web\/index.php\/wp-json\/wp\/v2\/types\/post"}],"author":[{"embeddable":true,"href":"https:\/\/diariorepublica.com.ar\/web\/index.php\/wp-json\/wp\/v2\/users\/1"}],"replies":[{"embeddable":true,"href":"https:\/\/diariorepublica.com.ar\/web\/index.php\/wp-json\/wp\/v2\/comments?post=11622"}],"version-history":[{"count":1,"href":"https:\/\/diariorepublica.com.ar\/web\/index.php\/wp-json\/wp\/v2\/posts\/11622\/revisions"}],"predecessor-version":[{"id":11624,"href":"https:\/\/diariorepublica.com.ar\/web\/index.php\/wp-json\/wp\/v2\/posts\/11622\/revisions\/11624"}],"wp:featuredmedia":[{"embeddable":true,"href":"https:\/\/diariorepublica.com.ar\/web\/index.php\/wp-json\/wp\/v2\/media\/11623"}],"wp:attachment":[{"href":"https:\/\/diariorepublica.com.ar\/web\/index.php\/wp-json\/wp\/v2\/media?parent=11622"}],"wp:term":[{"taxonomy":"category","embeddable":true,"href":"https:\/\/diariorepublica.com.ar\/web\/index.php\/wp-json\/wp\/v2\/categories?post=11622"},{"taxonomy":"post_tag","embeddable":true,"href":"https:\/\/diariorepublica.com.ar\/web\/index.php\/wp-json\/wp\/v2\/tags?post=11622"}],"curies":[{"name":"wp","href":"https:\/\/api.w.org\/{rel}","templated":true}]}}