{"id":11625,"date":"2024-01-30T10:04:47","date_gmt":"2024-01-30T13:04:47","guid":{"rendered":"https:\/\/diariorepublica.com.ar\/web\/?p=11625"},"modified":"2024-01-30T10:04:50","modified_gmt":"2024-01-30T13:04:50","slug":"alivio-fiscal-para-pymes-oficializan-rebaja-en-tasas-de-financiacion-de-planes-de-facilidades-de-pagos","status":"publish","type":"post","link":"https:\/\/diariorepublica.com.ar\/web\/index.php\/economia\/2024\/01\/30\/alivio-fiscal-para-pymes-oficializan-rebaja-en-tasas-de-financiacion-de-planes-de-facilidades-de-pagos\/","title":{"rendered":"Alivio fiscal para pymes: oficializan rebaja en tasas de financiaci\u00f3n de planes de facilidades de pagos"},"content":{"rendered":"<article class=\"article-body article-body--first-paragraph content-protected-false\" data-td-script-src=\"https:\/\/www.ambito.com\/td\/modulos\/encuestas\/js\/function-embeds-min-version-1706587664.js\">\n<p class=\"p1\">A partir de febrero, se reducir\u00e1 la tasa de financiaci\u00f3n para las micro, peque\u00f1as y medianas empresas, tal como anticip\u00f3 el\u00a0ministro de Econom\u00eda Luis Caputo.\u00a0La\u00a0<strong>Administraci\u00f3n Federal de Ingresos P\u00fablicos (AFIP)\u00a0<\/strong>dispuso, a trav\u00e9s de la\u00a0<strong>Resoluci\u00f3n General N\u00b0 5481\/2024<\/strong>, la rebaja de la tasa de financiaci\u00f3n de los planes de facilidades de pago permanentes de\u00a0micro, peque\u00f1as y medianas empresas.<\/p>\n<\/article>\n<article class=\"article-body article-body--second-paragraph content-protected-false\">\n<p class=\"p1\">De acuerdo a la normativa que se public\u00f3 hoy en el Bolet\u00edn Oficial, a partir del 1\u00b0 de febrero, la reducci\u00f3n es de un\u00a0<strong>7,63% para micro<\/strong>\u00a0y\u00a0<strong>peque\u00f1as empresas<\/strong>\u00a0y un\u00a0<strong>9,16% para las medianas<\/strong>. La medida seg\u00fan se dio a conocer, se implementa con el objetivo de fortalecer el est\u00edmulo al trabajo de estas empresas.<\/p>\n<article class=\"article-body article-body--third-paragraph content-protected-false\">\n<p class=\"p1\">Seg\u00fan el documento, este r\u00e9gimen de facilidades permite regularizar obligaciones impositivas, aduaneras y de los recursos de la seguridad social- como sus intereses y multas-. El objetivo es \u00abcoadyuvar al cumplimiento voluntario de las obligaciones tributarias de los contribuyentes y\/o responsables, en cuyo m\u00e9rito, se estima pertinente efectuar determinadas adecuaciones respecto del porcentaje aplicable para el c\u00e1lculo de la tasa de inter\u00e9s de\u00a0<strong>financiaci\u00f3n de los planes de facilidades de pago<\/strong>\u00a0-considerando la tasa de inter\u00e9s resarcitorio vigente-, a fin de fortalecer el est\u00edmulo al trabajo de las peque\u00f1as y medianas empresas\u00bb.<\/p>\n<\/article>\n<article class=\"article-body article-body--fourth-paragraph content-protected-false\">\n<p class=\"p1\">La resoluci\u00f3n general entra en vigencia desde hoy y resultar\u00e1 de aplicaci\u00f3n para los planes de<strong>\u00a0facilidades de pago que se presenten a partir del 1 de febrero de 2024.<\/strong><\/p>\n<\/article>\n<\/article>\n","protected":false},"excerpt":{"rendered":"<p>A partir de febrero, se reducir\u00e1 la tasa de financiaci\u00f3n para las micro, peque\u00f1as y medianas empresas, tal como anticip\u00f3<\/p>\n","protected":false},"author":1,"featured_media":11626,"comment_status":"closed","ping_status":"closed","sticky":false,"template":"","format":"standard","meta":{"footnotes":"","jetpack_publicize_message":"","jetpack_publicize_feature_enabled":true,"jetpack_social_post_already_shared":true,"jetpack_social_options":{"image_generator_settings":{"template":"highway","enabled":false},"version":2}},"categories":[5],"tags":[],"class_list":["post-11625","post","type-post","status-publish","format-standard","has-post-thumbnail","hentry","category-economia"],"jetpack_publicize_connections":[],"_links":{"self":[{"href":"https:\/\/diariorepublica.com.ar\/web\/index.php\/wp-json\/wp\/v2\/posts\/11625"}],"collection":[{"href":"https:\/\/diariorepublica.com.ar\/web\/index.php\/wp-json\/wp\/v2\/posts"}],"about":[{"href":"https:\/\/diariorepublica.com.ar\/web\/index.php\/wp-json\/wp\/v2\/types\/post"}],"author":[{"embeddable":true,"href":"https:\/\/diariorepublica.com.ar\/web\/index.php\/wp-json\/wp\/v2\/users\/1"}],"replies":[{"embeddable":true,"href":"https:\/\/diariorepublica.com.ar\/web\/index.php\/wp-json\/wp\/v2\/comments?post=11625"}],"version-history":[{"count":1,"href":"https:\/\/diariorepublica.com.ar\/web\/index.php\/wp-json\/wp\/v2\/posts\/11625\/revisions"}],"predecessor-version":[{"id":11627,"href":"https:\/\/diariorepublica.com.ar\/web\/index.php\/wp-json\/wp\/v2\/posts\/11625\/revisions\/11627"}],"wp:featuredmedia":[{"embeddable":true,"href":"https:\/\/diariorepublica.com.ar\/web\/index.php\/wp-json\/wp\/v2\/media\/11626"}],"wp:attachment":[{"href":"https:\/\/diariorepublica.com.ar\/web\/index.php\/wp-json\/wp\/v2\/media?parent=11625"}],"wp:term":[{"taxonomy":"category","embeddable":true,"href":"https:\/\/diariorepublica.com.ar\/web\/index.php\/wp-json\/wp\/v2\/categories?post=11625"},{"taxonomy":"post_tag","embeddable":true,"href":"https:\/\/diariorepublica.com.ar\/web\/index.php\/wp-json\/wp\/v2\/tags?post=11625"}],"curies":[{"name":"wp","href":"https:\/\/api.w.org\/{rel}","templated":true}]}}