{"id":11637,"date":"2024-01-31T06:48:00","date_gmt":"2024-01-31T09:48:00","guid":{"rendered":"https:\/\/diariorepublica.com.ar\/web\/?p=11637"},"modified":"2024-01-31T09:50:45","modified_gmt":"2024-01-31T12:50:45","slug":"ley-omnibus-el-gobierno-logra-quorum-pero-no-aprobara-la-totalidad-de-su-proyecto","status":"publish","type":"post","link":"https:\/\/diariorepublica.com.ar\/web\/index.php\/nacionales\/2024\/01\/31\/ley-omnibus-el-gobierno-logra-quorum-pero-no-aprobara-la-totalidad-de-su-proyecto\/","title":{"rendered":"Ley \u00f3mnibus: el Gobierno logra qu\u00f3rum, pero no aprobar\u00e1 la totalidad de su proyecto"},"content":{"rendered":"<article class=\"article-body article-body--first-paragraph content-protected-false\" data-td-script-src=\"https:\/\/www.ambito.com\/td\/modulos\/encuestas\/js\/function-embeds-min-version-1706587664.js\">Este mi\u00e9rcoles 31 de enero era la fecha designada para que finalice la primera convocatoria a<strong>\u00a0sesiones extraordinarias<\/strong>\u00a0dispuesta por el Gobierno. A menos de 24 horas de la sesi\u00f3n en la\u00a0<strong>C\u00e1mara de Diputados,<\/strong>\u00a0las respuestas del entorno de los legisladores dialoguistas es a\u00fan m\u00e1s expl\u00edcita de las dudas que persisten en torno a la\u00a0<strong>sanci\u00f3n de la ley \u00f3mnibus<\/strong>: \u201cNo tenemos nada confirmado\u201d; \u201cno hay postura oficial\u201d; \u201cseguimos viendo\u201d. El oficialismo subraya su intransigencia a modificar nuevos art\u00edculos, pero reconoce que\u00a0<strong>no cuenta con los apoyos para aprobar el dictamen de mayor\u00eda<\/strong>.<\/p>\n<\/article>\n<article class=\"article-body article-body--second-paragraph content-protected-false\">Finalmente, el proyecto m\u00e1s ambicioso del Gobierno ingresar\u00e1 en el recinto para su votaci\u00f3n con el qu\u00f3rum de los bloques cuya oposici\u00f3n es matizada. Despu\u00e9s existen dos posturas sin grises:\u00a0<strong>el PRO defini\u00f3 su acompa\u00f1amiento total a La Libertad Avanza<\/strong>, que adem\u00e1s suma votos de bancas reducidas; en el otro extremo, Uni\u00f3n por la Patria y el Frente de Izquierda se opondr\u00e1n sin fisuras. 84 a favor y 104 en contra; en el medio todo es posible.\u00a0<strong>El debate ingresar\u00e1 a su instancia institucional en el Congreso<\/strong>, donde cada \u00edtem es susceptible de sufrir modificaciones y se desconoce -hasta el momento mismo de la votaci\u00f3n- qu\u00e9 redacci\u00f3n puede ser aprobada.<\/p>\n<article class=\"article-body article-body--third-paragraph content-protected-false\">ay cuatro bloques que destrabar\u00e1n los art\u00edculos, porque si existe una certeza es que\u00a0<strong>la ley \u00f3mnibus no saldr\u00e1 en su totalidad.\u00a0<\/strong>Son la\u00a0<strong><a href=\"https:\/\/www.ambito.com\/politica\/ucr-loredo-afirmo-que-daran-quorum-pero-advirtio-que-no-quiere-un-circo-romano-n5933771\" target=\"_blank\" rel=\"follow noopener\">Uni\u00f3n C\u00edvica Radical<\/a>\u00a0(34 diputados), Hacemos Coalici\u00f3n Federal (23), Innovaci\u00f3n Federal (9) e Independencia (3):\u00a0<\/strong>el oficialismo precisa de 45 de esos 69 votos para llegar a la cifra de<strong>\u00a0129 afirmativos<\/strong>\u00a0y aprobar el proyecto. Cada uno de estos partidos ya expres\u00f3 en comunicados y en las firmas de los dict\u00e1menes, que sus bancadas no respaldar\u00e1n homog\u00e9neamente la ley. Fuentes del Gobierno apuntan a que<strong>\u00a0es posible que el oficialismo decida retirar la totalidad del proyecto\u00a0<\/strong>si la oposici\u00f3n no acompa\u00f1a los puntos que m\u00e1s valoran.<\/p>\n<\/article>\n<article class=\"article-body article-body--fourth-paragraph content-protected-false\">\n<div id=\"embed5087_wrap\" class=\"embed_cont type_freetext\" contenteditable=\"false\" data-provider=\"Twitter\">\n<div id=\"embed5087_content\" class=\"embed_content\">\n<div id=\"embed5087_embed\">\n<div class=\"twitter-tweet twitter-tweet-rendered\"><iframe id=\"twitter-widget-0\" class=\"\" title=\"X Post\" src=\"https:\/\/platform.twitter.com\/embed\/Tweet.html?creatorScreenName=Ambitocom&amp;dnt=false&amp;embedId=twitter-widget-0&amp;features=eyJ0ZndfdGltZWxpbmVfbGlzdCI6eyJidWNrZXQiOltdLCJ2ZXJzaW9uIjpudWxsfSwidGZ3X2ZvbGxvd2VyX2NvdW50X3N1bnNldCI6eyJidWNrZXQiOnRydWUsInZlcnNpb24iOm51bGx9LCJ0ZndfdHdlZXRfZWRpdF9iYWNrZW5kIjp7ImJ1Y2tldCI6Im9uIiwidmVyc2lvbiI6bnVsbH0sInRmd19yZWZzcmNfc2Vzc2lvbiI6eyJidWNrZXQiOiJvbiIsInZlcnNpb24iOm51bGx9LCJ0ZndfZm9zbnJfc29mdF9pbnRlcnZlbnRpb25zX2VuYWJsZWQiOnsiYnVja2V0Ijoib24iLCJ2ZXJzaW9uIjpudWxsfSwidGZ3X21peGVkX21lZGlhXzE1ODk3Ijp7ImJ1Y2tldCI6InRyZWF0bWVudCIsInZlcnNpb24iOm51bGx9LCJ0ZndfZXhwZXJpbWVudHNfY29va2llX2V4cGlyYXRpb24iOnsiYnVja2V0IjoxMjA5NjAwLCJ2ZXJzaW9uIjpudWxsfSwidGZ3X3Nob3dfYmlyZHdhdGNoX3Bpdm90c19lbmFibGVkIjp7ImJ1Y2tldCI6Im9uIiwidmVyc2lvbiI6bnVsbH0sInRmd19kdXBsaWNhdGVfc2NyaWJlc190b19zZXR0aW5ncyI6eyJidWNrZXQiOiJvbiIsInZlcnNpb24iOm51bGx9LCJ0ZndfdXNlX3Byb2ZpbGVfaW1hZ2Vfc2hhcGVfZW5hYmxlZCI6eyJidWNrZXQiOiJvbiIsInZlcnNpb24iOm51bGx9LCJ0ZndfdmlkZW9faGxzX2R5bmFtaWNfbWFuaWZlc3RzXzE1MDgyIjp7ImJ1Y2tldCI6InRydWVfYml0cmF0ZSIsInZlcnNpb24iOm51bGx9LCJ0ZndfbGVnYWN5X3RpbWVsaW5lX3N1bnNldCI6eyJidWNrZXQiOnRydWUsInZlcnNpb24iOm51bGx9LCJ0ZndfdHdlZXRfZWRpdF9mcm9udGVuZCI6eyJidWNrZXQiOiJvbiIsInZlcnNpb24iOm51bGx9fQ%3D%3D&amp;frame=false&amp;hideCard=false&amp;hideThread=false&amp;id=1752428444841902180&amp;lang=es&amp;origin=https%3A%2F%2Fwww.ambito.com%2Fpolitica%2Fley-omnibus-el-gobierno-lograria-quorum-pero-no-aprobara-la-totalidad-su-proyecto-n5933895&amp;sessionId=b39320f108820e2c554814b4e8702466838af43e&amp;siteScreenName=Ambitocom&amp;theme=light&amp;widgetsVersion=2615f7e52b7e0%3A1702314776716&amp;width=550px\" frameborder=\"0\" scrolling=\"no\" allowfullscreen=\"allowfullscreen\" data-tweet-id=\"1752428444841902180\" data-mce-fragment=\"1\"><\/iframe><\/div>\n<\/div>\n<\/div>\n<\/div>\n<p>Este mi\u00e9rcoles cada bloque tuvo su reuni\u00f3n para definir estrategias para el debate, que nadie espera que dure menos de 24 horas. La centralidad del encuentro de\u00a0<strong>La Libertad Avanza -donde s\u00f3lo 2 de sus 38 diputados (Pablo Ansaloni y Carlos Zapata) tienen experiencia legislativa-<\/strong>\u00a0pas\u00f3 por una capacitaci\u00f3n de detalles t\u00e9cnicos para saber en qu\u00e9 momento resulta imprescindible que est\u00e9n presentes para votar. En tanto, la convocatoria del\u00a0<strong>PRO cont\u00f3 con la presencia de Mauricio Macri<\/strong>, que respald\u00f3 las negociaciones de las \u00faltimas semanas. Por su parte,\u00a0<strong>Uni\u00f3n por la Patria<\/strong>\u00a0sostuvo una mirada de escepticismo respecto a la aprobaci\u00f3n del proyecto y se plante\u00f3 discutir cada apartado el tiempo que sea necesario.<\/p>\n<\/article>\n<article class=\"article-body article-body--remaining-paragraph content-protected-false\">\n<h6>Ley \u00f3mnibus: qu\u00e9 qued\u00f3 de la ley original<\/h6>\n<p>La ley \u00f3mnibus transit\u00f3 una serie de irregularidades que terminaron de alterar la composici\u00f3n del texto original, que pas\u00f3 de\u00a0<strong>664 art\u00edculos a los 386 actuales<\/strong>. La remoci\u00f3n del cap\u00edtulo fiscal anunciada por el<strong>\u00a0ministro Luis Caputo<\/strong>\u00a0se sum\u00f3 a la eliminaci\u00f3n de la reforma pol\u00edtica. Adem\u00e1s, se eliminaron algunas\u00a0<strong>delegaciones extraordinarias<\/strong>\u00a0(Defensa, Social, Sanitaria), pero la persistencia de la facultad tributaria o de seguridad provoca resistencias. Se quit\u00f3 de la lista de empresas susceptibles de ser privatizadas a\u00a0<strong>YPF<\/strong>, pero la presencia de otras 40 compa\u00f1\u00edas estatales no cuenta con respaldo mayoritario.<\/p>\n<p>Otras resistencias estar\u00edan en la reforma de la ley de\u00a0<strong>hidrocarburos<\/strong>, la de\u00a0<strong>biocombustibles,<\/strong>\u00a0la del sector\u00a0<strong>pesquero<\/strong>, el\u00a0<strong>endeudamiento estatal<\/strong>\u00a0sin aprobaci\u00f3n parlamentaria o las modificaciones sobre sostenibilidad de la cultura (si bien el\u00a0<strong>INCAA<\/strong>\u00a0mantiene su financiamiento, las alteraciones sobre la<strong>\u00a0ley del Libro, la CONABIP y el FOMECA<\/strong>\u00a0ser\u00edan debatidos en el recinto). Los<strong>\u00a0gobernadores juegan su propio escenario<\/strong>, limitando su respaldo a la posibilidad de\u00a0<strong>coparticipar el impuesto PA\u00cdS<\/strong>.<\/p>\n<p><strong>Algunas de las reformas que tendr\u00edan respaldo mayoritario son:<\/strong><\/p>\n<ul>\n<li aria-level=\"1\">Declaraci\u00f3n de\u00a0<strong>emergencia<\/strong>\u00a0al menos durante un a\u00f1o, con<strong>\u00a0facultades excepcionales<\/strong>\u00a0limitadas.<\/li>\n<li aria-level=\"1\"><strong>Cambios en el C\u00f3digo Penal<\/strong>: normativas que penalizan manifestaciones y flexibilizan la utilizaci\u00f3n de armas de las fuerzas de seguridad.<\/li>\n<li aria-level=\"1\">Educaci\u00f3n: se establecer\u00eda el arancelamiento de la<strong>\u00a0educaci\u00f3n universitaria para extranjeros no residentes<\/strong>. Dejar\u00eda de ser obligatoria la<strong>\u00a0Ley Micaela<\/strong>\u00a0para todos los trabajadores estatales.<\/li>\n<li aria-level=\"1\">Ambiente:\u00a0<strong>Ley de Glaciares, Ley de Fuego y Ley de Bosques<\/strong>\u00a0sufrir\u00edan modificaciones, aunque no con las condiciones del proyecto original.<\/li>\n<li aria-level=\"1\"><strong>Eliminaci\u00f3n del INADI<\/strong>, que dejar\u00e1 de ser un ente aut\u00f3nomo.<\/li>\n<li aria-level=\"1\"><strong>Reforma judicial<\/strong>: proceso de digitalizaci\u00f3n burocr\u00e1tica y archiv\u00edstica.<\/li>\n<li aria-level=\"1\">Derogaci\u00f3n de la\u00a0<strong>Ley de Defensa de la Competencia<\/strong>.<\/li>\n<li aria-level=\"1\">Eliminaci\u00f3n de la concepci\u00f3n del\u00a0<strong>turismo como \u00abun derecho social y econ\u00f3mico\u00bb\u00a0<\/strong>de las personas y la obligaci\u00f3n del Estado nacional de \u00abelaborar obras p\u00fablicas tur\u00edsticas\u00bb.<\/li>\n<li aria-level=\"1\">Eliminaci\u00f3n de los\u00a0<strong>fondos fiduciarios del sector energ\u00e9tico<\/strong>, inclusive los destinados a subsidios.<\/li>\n<\/ul>\n<p>ambito.com<\/p>\n<\/article>\n<\/article>\n","protected":false},"excerpt":{"rendered":"<p>Este mi\u00e9rcoles 31 de enero era la fecha designada para que finalice la primera convocatoria a\u00a0sesiones extraordinarias\u00a0dispuesta por el Gobierno.<\/p>\n","protected":false},"author":1,"featured_media":11638,"comment_status":"closed","ping_status":"closed","sticky":false,"template":"","format":"standard","meta":{"footnotes":"","jetpack_publicize_message":"","jetpack_publicize_feature_enabled":true,"jetpack_social_post_already_shared":true,"jetpack_social_options":{"image_generator_settings":{"template":"highway","enabled":false},"version":2}},"categories":[4],"tags":[],"class_list":["post-11637","post","type-post","status-publish","format-standard","has-post-thumbnail","hentry","category-nacionales"],"jetpack_publicize_connections":[],"_links":{"self":[{"href":"https:\/\/diariorepublica.com.ar\/web\/index.php\/wp-json\/wp\/v2\/posts\/11637"}],"collection":[{"href":"https:\/\/diariorepublica.com.ar\/web\/index.php\/wp-json\/wp\/v2\/posts"}],"about":[{"href":"https:\/\/diariorepublica.com.ar\/web\/index.php\/wp-json\/wp\/v2\/types\/post"}],"author":[{"embeddable":true,"href":"https:\/\/diariorepublica.com.ar\/web\/index.php\/wp-json\/wp\/v2\/users\/1"}],"replies":[{"embeddable":true,"href":"https:\/\/diariorepublica.com.ar\/web\/index.php\/wp-json\/wp\/v2\/comments?post=11637"}],"version-history":[{"count":1,"href":"https:\/\/diariorepublica.com.ar\/web\/index.php\/wp-json\/wp\/v2\/posts\/11637\/revisions"}],"predecessor-version":[{"id":11639,"href":"https:\/\/diariorepublica.com.ar\/web\/index.php\/wp-json\/wp\/v2\/posts\/11637\/revisions\/11639"}],"wp:featuredmedia":[{"embeddable":true,"href":"https:\/\/diariorepublica.com.ar\/web\/index.php\/wp-json\/wp\/v2\/media\/11638"}],"wp:attachment":[{"href":"https:\/\/diariorepublica.com.ar\/web\/index.php\/wp-json\/wp\/v2\/media?parent=11637"}],"wp:term":[{"taxonomy":"category","embeddable":true,"href":"https:\/\/diariorepublica.com.ar\/web\/index.php\/wp-json\/wp\/v2\/categories?post=11637"},{"taxonomy":"post_tag","embeddable":true,"href":"https:\/\/diariorepublica.com.ar\/web\/index.php\/wp-json\/wp\/v2\/tags?post=11637"}],"curies":[{"name":"wp","href":"https:\/\/api.w.org\/{rel}","templated":true}]}}