{"id":11640,"date":"2024-01-31T07:51:00","date_gmt":"2024-01-31T10:51:00","guid":{"rendered":"https:\/\/diariorepublica.com.ar\/web\/?p=11640"},"modified":"2024-01-31T09:52:36","modified_gmt":"2024-01-31T12:52:36","slug":"diablito-echeverri-revelo-que-sintio-un-malestar-en-el-pecho-ante-chile","status":"publish","type":"post","link":"https:\/\/diariorepublica.com.ar\/web\/index.php\/deportes\/2024\/01\/31\/diablito-echeverri-revelo-que-sintio-un-malestar-en-el-pecho-ante-chile\/","title":{"rendered":"Diablito Echeverri revel\u00f3 que sinti\u00f3 un malestar en el pecho ante Chile"},"content":{"rendered":"<p>La <strong>Selecci\u00f3n Argentina Sub-23<\/strong>\u00a0redonde\u00f3\u00a0<strong>un contundente triunfo ante Chile<\/strong>\u00a0por cinco a cero, en la tercera fecha del\u00a0<strong>Preol\u00edmpico<\/strong>. Sin embargo, hubo un momento que preocup\u00f3 a los jugadores y al cuerpo t\u00e9cnico por\u00a0<strong>un gesto que realiz\u00f3 el Diablito Echeverri y que requiri\u00f3 su atenci\u00f3n<\/strong>\u00a0de inmediato.<\/p>\n<p>Poco despu\u00e9s de la primera media hora del encuentro,\u00a0<strong>el joven se tendi\u00f3 en el piso y se tom\u00f3 el pecho<\/strong>, por lo que genera preocupaci\u00f3n. De inmediato, ingresaron los m\u00e9dicos para revisarlo y, si bien todo parec\u00eda indicar que ser\u00eda reemplazado, finalmente\u00a0<strong>complet\u00f3 la primera mitad<\/strong>.<\/p>\n<p>El atacante\u00a0<strong>logr\u00f3 el primer gol del encuentro ante Chile<\/strong>\u00a0y luego brind\u00f3 una entrevista en la que se refiri\u00f3 a lo que le ocurri\u00f3 durante el partido. \u201c<strong>Me agarr\u00f3 un dolor en el pecho muy fuerte<\/strong>, no pod\u00eda cambiar el aire, no pod\u00eda respirar bien y\u00a0<strong>me asust\u00e9 mucho<\/strong>\u201d, se sincer\u00f3 el\u00a0<strong>Diablito Echeverri<\/strong>\u00a0sobre su malestar.<\/p>\n<p>Adem\u00e1s, se mostr\u00f3 cauteloso con lo que le ocurri\u00f3:\u00a0\u201cPor las dudas voy a hablar con los m\u00e9dicos a ver qu\u00e9 es porque\u00a0<strong>nunca me hab\u00eda pasado algo as\u00ed y sent\u00ed mucho miedo<\/strong>\u201d. Finalmente, el futuro jugador del Manchester City fue reemplazado a los 64 minutos por\u00a0<strong>Baltasar Rodr\u00edguez<\/strong>.<\/p>\n","protected":false},"excerpt":{"rendered":"<p>La Selecci\u00f3n Argentina Sub-23\u00a0redonde\u00f3\u00a0un contundente triunfo ante Chile\u00a0por cinco a cero, en la tercera fecha del\u00a0Preol\u00edmpico. Sin embargo, hubo un<\/p>\n","protected":false},"author":1,"featured_media":11641,"comment_status":"closed","ping_status":"closed","sticky":false,"template":"","format":"standard","meta":{"footnotes":"","jetpack_publicize_message":"","jetpack_publicize_feature_enabled":true,"jetpack_social_post_already_shared":true,"jetpack_social_options":{"image_generator_settings":{"template":"highway","enabled":false},"version":2}},"categories":[9],"tags":[],"class_list":["post-11640","post","type-post","status-publish","format-standard","has-post-thumbnail","hentry","category-deportes"],"jetpack_publicize_connections":[],"_links":{"self":[{"href":"https:\/\/diariorepublica.com.ar\/web\/index.php\/wp-json\/wp\/v2\/posts\/11640"}],"collection":[{"href":"https:\/\/diariorepublica.com.ar\/web\/index.php\/wp-json\/wp\/v2\/posts"}],"about":[{"href":"https:\/\/diariorepublica.com.ar\/web\/index.php\/wp-json\/wp\/v2\/types\/post"}],"author":[{"embeddable":true,"href":"https:\/\/diariorepublica.com.ar\/web\/index.php\/wp-json\/wp\/v2\/users\/1"}],"replies":[{"embeddable":true,"href":"https:\/\/diariorepublica.com.ar\/web\/index.php\/wp-json\/wp\/v2\/comments?post=11640"}],"version-history":[{"count":1,"href":"https:\/\/diariorepublica.com.ar\/web\/index.php\/wp-json\/wp\/v2\/posts\/11640\/revisions"}],"predecessor-version":[{"id":11642,"href":"https:\/\/diariorepublica.com.ar\/web\/index.php\/wp-json\/wp\/v2\/posts\/11640\/revisions\/11642"}],"wp:featuredmedia":[{"embeddable":true,"href":"https:\/\/diariorepublica.com.ar\/web\/index.php\/wp-json\/wp\/v2\/media\/11641"}],"wp:attachment":[{"href":"https:\/\/diariorepublica.com.ar\/web\/index.php\/wp-json\/wp\/v2\/media?parent=11640"}],"wp:term":[{"taxonomy":"category","embeddable":true,"href":"https:\/\/diariorepublica.com.ar\/web\/index.php\/wp-json\/wp\/v2\/categories?post=11640"},{"taxonomy":"post_tag","embeddable":true,"href":"https:\/\/diariorepublica.com.ar\/web\/index.php\/wp-json\/wp\/v2\/tags?post=11640"}],"curies":[{"name":"wp","href":"https:\/\/api.w.org\/{rel}","templated":true}]}}