{"id":11652,"date":"2024-01-31T08:58:00","date_gmt":"2024-01-31T11:58:00","guid":{"rendered":"https:\/\/diariorepublica.com.ar\/web\/?p=11652"},"modified":"2024-01-31T09:59:27","modified_gmt":"2024-01-31T12:59:27","slug":"ya-son-7-los-muertos-por-encefalitis-equina-en-el-pais-y-preocupa-el-aumento-de-casos","status":"publish","type":"post","link":"https:\/\/diariorepublica.com.ar\/web\/index.php\/sociedad\/2024\/01\/31\/ya-son-7-los-muertos-por-encefalitis-equina-en-el-pais-y-preocupa-el-aumento-de-casos\/","title":{"rendered":"Ya son 7 los muertos por encefalitis equina en el pa\u00eds y preocupa el aumento de casos"},"content":{"rendered":"<p>Sigue la preocupaci\u00f3n por el\u00a0<strong>aumento de casos de\u00a0<\/strong><strong>encefalitis equina<\/strong><strong>\u00a0<\/strong>en el pa\u00eds y\u00a0<strong>ya son 7 los fallecidos por la enfermedad.\u00a0<\/strong>El \u00faltimo Bolet\u00edn Epidemiol\u00f3gico Nacional hab\u00eda indicado que eran cinco las personas que murieron, pero horas despu\u00e9s\u00a0<strong>C\u00f3rdoba inform\u00f3 dos decesos m\u00e1s.\u00a0<\/strong><\/p>\n<p>De este modo, ya son siete los ciudadanos que perdieron la vida y ahora\u00a0<strong>el eje se centr\u00f3 en el aumento de casos desde que empez\u00f3 el 2024.<\/strong><\/p>\n<p>Este preocupaci\u00f3n se genera porque<strong>\u00a0hasta el 25 de enero se confirmaron<\/strong>\u00a0<strong>41 casos<\/strong>, el primero se dio a conocer en diciembre de 2023 y en esta oportunidad el paciente pudo recuperarse.<\/p>\n<p><strong>\u201cEl Ministerio de Salud de la Naci\u00f3n se encuentra trabajando en conjunto con el Senasa y con las carteras sanitarias provinciales, en la coordinaci\u00f3n de acciones de prevenci\u00f3n, vigilancia epidemiol\u00f3gica y control vectorial\u201d<\/strong>, inform\u00f3 el gobierno.<\/p>\n<p>Otras de las cuestiones que destacaron es que el 24 de enero\u00a0<strong>se estableci\u00f3 la vacunaci\u00f3n obligatoria en todo el territorio contra las encefalomielitis equinas del Este y del Oeste para todos los \u00e9quidos que tengan al menos dos meses de vida<\/strong>, en el marco de la emergencia sanitaria por la enfermedad establecida mediante la Resoluci\u00f3n 1219\/2023.<\/p>\n<p>Las provincias que hasta el momento confirmaron casos positivos de la enfermedad son:<strong>\u00a0Buenos Aires (23), C\u00f3rdoba (2), Santa Fe (10), Entre R\u00edos (5), y Santiago del Estero (1).<\/strong><\/p>\n<p>En las \u00faltimas 3 semanas (de SE 01 a SE 03\/2024) se registraron un<strong>\u00a0promedio de 36 casos sospechosos semanales.<\/strong><\/p>\n<p>Es por este motivo que desde la cartera sanitaria insisten en respetar el\u00a0<strong>saneamiento ambiental<\/strong>\u00a0de los predios donde se alojan caballos y personas asociadas a dicha actividad.<\/p>\n<p>Para ello es\u00a0<strong>indispensable<\/strong>:<\/p>\n<ul>\n<li>Rellenar o drenar charcos o acumulaciones de agua para disminuir sitios donde los mosquitos puedan depositar sus huevos y, as\u00ed, reproducirse.<\/li>\n<li>Mantener el pasto corto en los alrededores de las viviendas y predios verdes, p\u00fablicos y privados, para disminuir la presencia de mosquitos adultos.<\/li>\n<\/ul>\n<p>C\u00f3mo ocurre con el dengue, es importante\u00a0<strong>usar ropa de trabajo clara y de manga larga, ponerse repelentes, c<\/strong><strong>olocar telas mosquiteras en puertas y ventanas<\/strong>, as\u00ed como tambi\u00e9n realizar una\u00a0<strong>revisi\u00f3n cl\u00ednica peri\u00f3dica de los caballos y vacunarlos.<\/strong><\/p>\n<p>NA<\/p>\n","protected":false},"excerpt":{"rendered":"<p>Sigue la preocupaci\u00f3n por el\u00a0aumento de casos de\u00a0encefalitis equina\u00a0en el pa\u00eds y\u00a0ya son 7 los fallecidos por la enfermedad.\u00a0El \u00faltimo<\/p>\n","protected":false},"author":1,"featured_media":11653,"comment_status":"closed","ping_status":"closed","sticky":false,"template":"","format":"standard","meta":{"footnotes":"","jetpack_publicize_message":"","jetpack_publicize_feature_enabled":true,"jetpack_social_post_already_shared":true,"jetpack_social_options":{"image_generator_settings":{"template":"highway","enabled":false},"version":2}},"categories":[3],"tags":[],"class_list":["post-11652","post","type-post","status-publish","format-standard","has-post-thumbnail","hentry","category-sociedad"],"jetpack_publicize_connections":[],"_links":{"self":[{"href":"https:\/\/diariorepublica.com.ar\/web\/index.php\/wp-json\/wp\/v2\/posts\/11652"}],"collection":[{"href":"https:\/\/diariorepublica.com.ar\/web\/index.php\/wp-json\/wp\/v2\/posts"}],"about":[{"href":"https:\/\/diariorepublica.com.ar\/web\/index.php\/wp-json\/wp\/v2\/types\/post"}],"author":[{"embeddable":true,"href":"https:\/\/diariorepublica.com.ar\/web\/index.php\/wp-json\/wp\/v2\/users\/1"}],"replies":[{"embeddable":true,"href":"https:\/\/diariorepublica.com.ar\/web\/index.php\/wp-json\/wp\/v2\/comments?post=11652"}],"version-history":[{"count":1,"href":"https:\/\/diariorepublica.com.ar\/web\/index.php\/wp-json\/wp\/v2\/posts\/11652\/revisions"}],"predecessor-version":[{"id":11654,"href":"https:\/\/diariorepublica.com.ar\/web\/index.php\/wp-json\/wp\/v2\/posts\/11652\/revisions\/11654"}],"wp:featuredmedia":[{"embeddable":true,"href":"https:\/\/diariorepublica.com.ar\/web\/index.php\/wp-json\/wp\/v2\/media\/11653"}],"wp:attachment":[{"href":"https:\/\/diariorepublica.com.ar\/web\/index.php\/wp-json\/wp\/v2\/media?parent=11652"}],"wp:term":[{"taxonomy":"category","embeddable":true,"href":"https:\/\/diariorepublica.com.ar\/web\/index.php\/wp-json\/wp\/v2\/categories?post=11652"},{"taxonomy":"post_tag","embeddable":true,"href":"https:\/\/diariorepublica.com.ar\/web\/index.php\/wp-json\/wp\/v2\/tags?post=11652"}],"curies":[{"name":"wp","href":"https:\/\/api.w.org\/{rel}","templated":true}]}}