{"id":11668,"date":"2024-02-01T07:24:26","date_gmt":"2024-02-01T10:24:26","guid":{"rendered":"https:\/\/diariorepublica.com.ar\/web\/?p=11668"},"modified":"2024-02-01T07:24:28","modified_gmt":"2024-02-01T10:24:28","slug":"la-afip-suspendio-los-juicios-de-ejecuciones-y-medidas-cautelares-hasta-el-31-de-julio-proximo","status":"publish","type":"post","link":"https:\/\/diariorepublica.com.ar\/web\/index.php\/economia\/2024\/02\/01\/la-afip-suspendio-los-juicios-de-ejecuciones-y-medidas-cautelares-hasta-el-31-de-julio-proximo\/","title":{"rendered":"La AFIP suspendi\u00f3 los juicios de ejecuciones y medidas cautelares hasta el 31 de julio pr\u00f3ximo"},"content":{"rendered":"<p><strong>La\u00a0Administraci\u00f3n Federal de Ingresos P\u00fablicos (AFIP) inform\u00f3 que decidi\u00f3 suspender hasta el 31 de julio de 2024, inclusive, la iniciaci\u00f3n de juicios <\/strong>de ejecuci\u00f3n fiscal y la traba de medidas cautelares.<\/p>\n<article class=\"article-body\">\n<div class=\"article-content\">\n<div class=\"news-body-paragraph\" data-twitter-link=\"\">\n<p>En un comunicado, el ente recaudador fiscal se\u00f1al\u00f3 que \u00ab<strong>la Resoluci\u00f3n General ser\u00e1 publicada en el Bolet\u00edn Oficial y tendr\u00e1 vigencia a partir de ma\u00f1ana 1\u00b0 de febrero<\/strong>\u00ab.<\/p>\n<\/div>\n<\/div>\n<\/article>\n<article class=\"article-body third-p\">\n<div class=\"article-content\">\n<div class=\"news-body-paragraph\" data-twitter-link=\"\">\n<p>La norma alcanza a las micro,<strong>\u00a0peque\u00f1as y medianas empresas -Tramo I y II-, peque\u00f1os contribuyentes, entidades sin fines de lucro y contribuyentes del sector salud.<\/strong><\/p>\n<p>\u201c<strong>Ma\u00f1ana saldr\u00e1 en el Bolet\u00edn Oficial la Resoluci\u00f3n Ministerial que instruye a la AFIP a suspender hasta el 31 de Julio el inicio de los juicios de ejecuci\u00f3n fiscal y la traba de medidas cautelares<\/strong>\u00a0a las micro, peque\u00f1as y medianas empresas -Tramo 1 y 2-, a las personas humanas y sucesiones indivisas que sean consideradas peque\u00f1os contribuyentes, a las entidades sin fines de lucro y a los contribuyentes pertenecientes al sector de salud\u201d, escribi\u00f3 en su cuenta de X.<\/p>\n<div id=\"embed59_wrap\" class=\"embed_cont type_freetext\" contenteditable=\"false\">\n<div id=\"embed59_content\" class=\"embed_content\">\n<div id=\"embed59_embed\">\n<div class=\"twitter-tweet twitter-tweet-rendered\"><iframe id=\"twitter-widget-0\" class=\"\" title=\"X Post\" src=\"https:\/\/platform.twitter.com\/embed\/Tweet.html?creatorScreenName=A24COM&amp;dnt=false&amp;embedId=twitter-widget-0&amp;features=eyJ0ZndfdGltZWxpbmVfbGlzdCI6eyJidWNrZXQiOltdLCJ2ZXJzaW9uIjpudWxsfSwidGZ3X2ZvbGxvd2VyX2NvdW50X3N1bnNldCI6eyJidWNrZXQiOnRydWUsInZlcnNpb24iOm51bGx9LCJ0ZndfdHdlZXRfZWRpdF9iYWNrZW5kIjp7ImJ1Y2tldCI6Im9uIiwidmVyc2lvbiI6bnVsbH0sInRmd19yZWZzcmNfc2Vzc2lvbiI6eyJidWNrZXQiOiJvbiIsInZlcnNpb24iOm51bGx9LCJ0ZndfZm9zbnJfc29mdF9pbnRlcnZlbnRpb25zX2VuYWJsZWQiOnsiYnVja2V0Ijoib24iLCJ2ZXJzaW9uIjpudWxsfSwidGZ3X21peGVkX21lZGlhXzE1ODk3Ijp7ImJ1Y2tldCI6InRyZWF0bWVudCIsInZlcnNpb24iOm51bGx9LCJ0ZndfZXhwZXJpbWVudHNfY29va2llX2V4cGlyYXRpb24iOnsiYnVja2V0IjoxMjA5NjAwLCJ2ZXJzaW9uIjpudWxsfSwidGZ3X3Nob3dfYmlyZHdhdGNoX3Bpdm90c19lbmFibGVkIjp7ImJ1Y2tldCI6Im9uIiwidmVyc2lvbiI6bnVsbH0sInRmd19kdXBsaWNhdGVfc2NyaWJlc190b19zZXR0aW5ncyI6eyJidWNrZXQiOiJvbiIsInZlcnNpb24iOm51bGx9LCJ0ZndfdXNlX3Byb2ZpbGVfaW1hZ2Vfc2hhcGVfZW5hYmxlZCI6eyJidWNrZXQiOiJvbiIsInZlcnNpb24iOm51bGx9LCJ0ZndfdmlkZW9faGxzX2R5bmFtaWNfbWFuaWZlc3RzXzE1MDgyIjp7ImJ1Y2tldCI6InRydWVfYml0cmF0ZSIsInZlcnNpb24iOm51bGx9LCJ0ZndfbGVnYWN5X3RpbWVsaW5lX3N1bnNldCI6eyJidWNrZXQiOnRydWUsInZlcnNpb24iOm51bGx9LCJ0ZndfdHdlZXRfZWRpdF9mcm9udGVuZCI6eyJidWNrZXQiOiJvbiIsInZlcnNpb24iOm51bGx9fQ%3D%3D&amp;frame=false&amp;hideCard=false&amp;hideThread=false&amp;id=1752837463075070324&amp;lang=es&amp;origin=https%3A%2F%2Fwww.a24.com%2Feconomia%2Fla-afip-suspendio-los-juicios-ejecuciones-y-medidas-cautelares-el-31-julio-proximo-n1286807&amp;sessionId=e92a1e49850f6b51e440ff991488d8ee2d5c1db8&amp;siteScreenName=A24COM&amp;theme=light&amp;widgetsVersion=2615f7e52b7e0%3A1702314776716&amp;width=550px\" frameborder=\"0\" scrolling=\"no\" allowfullscreen=\"allowfullscreen\" data-tweet-id=\"1752837463075070324\" data-mce-fragment=\"1\"><\/iframe><\/div>\n<\/div>\n<\/div>\n<div id=\"embed59_epigrafe\" class=\"embed_epigrafe\"><\/div>\n<\/div>\n<h6>La AFIP pondr\u00e1 en pausa los procedimientos en instancia judicial<\/h6>\n<p>Los procedimientos que la\u00a0<strong>Administraci\u00f3n Federal de Ingresos P\u00fablicos pondr\u00e1 en pausa consisten en una instancia judicial<\/strong>\u00a0\u201cpara el\u00a0<strong>cobro de impuestos, patentes, tasas, retribuciones de servicios o mejoras, multas adeudadas a la Administraci\u00f3n p\u00fablica, aportes y contribuciones al sistema nacional de previsi\u00f3n social<\/strong>\u201d.<\/p>\n<p>En septiembre del a\u00f1o pasado, bajo la gesti\u00f3n de Sergio Massa, el Ministerio de Econom\u00eda hab\u00eda ordenado a<strong>\u00a0la AFIP que instrumentar\u00e1 un nuevo plan de facilidades de pago para que empresas y personas f\u00edsicas\u00a0<\/strong>puedan cancelar deudas de impuestos, aduaneras o de seguridad social hasta que finalizara el a\u00f1o.\u00a0<strong>La disposici\u00f3n aplicaba para las deudas que se encontraban impagas hasta el 31 de agosto.<\/strong><\/p>\n<\/div>\n<\/div>\n<\/article>\n","protected":false},"excerpt":{"rendered":"<p>La\u00a0Administraci\u00f3n Federal de Ingresos P\u00fablicos (AFIP) inform\u00f3 que decidi\u00f3 suspender hasta el 31 de julio de 2024, inclusive, la iniciaci\u00f3n<\/p>\n","protected":false},"author":1,"featured_media":11669,"comment_status":"closed","ping_status":"closed","sticky":false,"template":"","format":"standard","meta":{"footnotes":"","jetpack_publicize_message":"","jetpack_publicize_feature_enabled":true,"jetpack_social_post_already_shared":true,"jetpack_social_options":{"image_generator_settings":{"template":"highway","enabled":false},"version":2}},"categories":[5],"tags":[],"class_list":["post-11668","post","type-post","status-publish","format-standard","has-post-thumbnail","hentry","category-economia"],"jetpack_publicize_connections":[],"_links":{"self":[{"href":"https:\/\/diariorepublica.com.ar\/web\/index.php\/wp-json\/wp\/v2\/posts\/11668"}],"collection":[{"href":"https:\/\/diariorepublica.com.ar\/web\/index.php\/wp-json\/wp\/v2\/posts"}],"about":[{"href":"https:\/\/diariorepublica.com.ar\/web\/index.php\/wp-json\/wp\/v2\/types\/post"}],"author":[{"embeddable":true,"href":"https:\/\/diariorepublica.com.ar\/web\/index.php\/wp-json\/wp\/v2\/users\/1"}],"replies":[{"embeddable":true,"href":"https:\/\/diariorepublica.com.ar\/web\/index.php\/wp-json\/wp\/v2\/comments?post=11668"}],"version-history":[{"count":1,"href":"https:\/\/diariorepublica.com.ar\/web\/index.php\/wp-json\/wp\/v2\/posts\/11668\/revisions"}],"predecessor-version":[{"id":11670,"href":"https:\/\/diariorepublica.com.ar\/web\/index.php\/wp-json\/wp\/v2\/posts\/11668\/revisions\/11670"}],"wp:featuredmedia":[{"embeddable":true,"href":"https:\/\/diariorepublica.com.ar\/web\/index.php\/wp-json\/wp\/v2\/media\/11669"}],"wp:attachment":[{"href":"https:\/\/diariorepublica.com.ar\/web\/index.php\/wp-json\/wp\/v2\/media?parent=11668"}],"wp:term":[{"taxonomy":"category","embeddable":true,"href":"https:\/\/diariorepublica.com.ar\/web\/index.php\/wp-json\/wp\/v2\/categories?post=11668"},{"taxonomy":"post_tag","embeddable":true,"href":"https:\/\/diariorepublica.com.ar\/web\/index.php\/wp-json\/wp\/v2\/tags?post=11668"}],"curies":[{"name":"wp","href":"https:\/\/api.w.org\/{rel}","templated":true}]}}