{"id":11689,"date":"2024-02-01T07:47:46","date_gmt":"2024-02-01T10:47:46","guid":{"rendered":"https:\/\/diariorepublica.com.ar\/web\/?p=11689"},"modified":"2024-02-01T07:47:48","modified_gmt":"2024-02-01T10:47:48","slug":"diana-mondino-confirmo-que-argentina-no-tendra-tratados-comerciales-de-estado-a-estado","status":"publish","type":"post","link":"https:\/\/diariorepublica.com.ar\/web\/index.php\/politica\/2024\/02\/01\/diana-mondino-confirmo-que-argentina-no-tendra-tratados-comerciales-de-estado-a-estado\/","title":{"rendered":"Diana Mondino confirm\u00f3 que Argentina \u00abno tendr\u00e1 tratados comerciales de Estado a Estado\u00bb"},"content":{"rendered":"<article class=\"article-body article-body--first-paragraph content-protected-false\" data-td-script-src=\"https:\/\/www.ambito.com\/td\/modulos\/encuestas\/js\/function-embeds-min-version-1706760427.js\">La canciller<strong>\u00a0Diana Mondino<\/strong>\u00a0se refiri\u00f3 al panorama internacional y las pol\u00edticas que tomar\u00e1 el gobierno de<strong>\u00a0Javier Milei\u00a0<\/strong>en esta materia y adelant\u00f3 que\u00a0<strong>el Presidente \u00abest\u00e1 alineado con las democracias liberales\u00bb<\/strong>\u00a0y confirm\u00f3 que\u00a0<strong>Argentina \u00abno tendr\u00e1 tratados\u00a0comerciales de Estado a Estado\u00bb.<\/strong><\/p>\n<\/article>\n<article class=\"article-body article-body--second-paragraph content-protected-false\">La ministra de Relaciones Exteriores enfatiz\u00f3: \u00abNosotros estamos alineados con todos los que respeten nuestros derechos de democracia liberal\u00bb, reiter\u00f3 en di\u00e1logo con TN.<\/p>\n<div class=\"col-12 col-md-8 detail-news__main-column\">\n<article class=\"article-body article-body--third-paragraph content-protected-false\">En esa l\u00ednea, y tras ser consultada sobre las\u00a0relaciones comerciales con\u00a0<strong>China,<\/strong>\u00a0Mondino aclar\u00f3: \u00abNosotros<strong>\u00a0ni con China ni con ning\u00fan otro pa\u00eds vamos a tener tratados comerciales Estado a Estado<\/strong>. Las empresas<strong>\u00a0privadas hagan lo que quieran<\/strong>\u00a0de acuerdo a las condiciones que pongan los pa\u00edses\u00bb.<\/p>\n<\/article>\n<article class=\"article-body article-body--fourth-paragraph content-protected-false\">\u00ab<strong>Nosotros no vamos a tener un alineamiento pol\u00edtico con nadie<\/strong>\u00ab, agreg\u00f3.<\/p>\n<\/article>\n<article class=\"article-body article-body--remaining-paragraph content-protected-false\">\n<h6>Agenda internacional: Mondino se refiri\u00f3 a la pol\u00e9mica con Petro, la reuni\u00f3n con el Papa y el acuerdo con la UE<\/h6>\n<p>Por otro lado, la ministra habl\u00f3 de la pol\u00e9mica que tuvo Javier Milei con el presidente de Colombia, Gustavo Petro, a quien acus\u00f3 de \u00abterrorista\u00bb, y sostuvo: \u00abEs un diagn\u00f3stico y una descripci\u00f3n, no es un problema\u00bb.<\/p>\n<p>Sobre este punto agreg\u00f3: \u00abHay que\u00a0<strong>diferenciar las relaciones personales con las de los pa\u00edses<\/strong>. Hay que tener relaciones a largo plazo\u00bb, se\u00f1al\u00f3 Mondino.<\/p>\n<p>Otro de los temas centrales en materia internacional que abord\u00f3 la Canciller fue la esperada reuni\u00f3n entre el Presidente y el Papa Francisco, quienes tendr\u00e1n su primer encuentro el pr\u00f3ximo 12 de febrero en el Vaticano.<\/p>\n<p>\u00ab<strong>Francisco ya convers\u00f3 con Javier<\/strong>. La Iglesia cat\u00f3lica y el Vaticano son importantes, pero<strong>\u00a0las opiniones pueden ser diferentes<\/strong>\u00ab, adelant\u00f3 Mondino.<\/p>\n<p>Por \u00faltimo, tambi\u00e9n en la agenda internacional,\u00a0<strong>Mondino se expres\u00f3 con optimismo respecto a un acuerdo entre el Mercosur<\/strong>\u00a0y la\u00a0<strong>Uni\u00f3n Europea<\/strong>, a pesar de la reticencia del presidente de<strong>\u00a0Francia, Emmanuel Macron<\/strong>, y sostuvo: \u00ab<strong>No creo que el acuerdo est\u00e9 ca\u00eddo<\/strong>. Es algo que se viene debatiendo desde hace 20 a\u00f1os\u00bb.<\/p>\n<\/article>\n<div class=\"news-topics\"><\/div>\n<\/div>\n<aside class=\"col-12 col-md-4 detail-news__aside\">\n<div class=\"top-ranked-news\">\n<article class=\"top-ranked-news__news-article\">\n<h2 class=\"top-ranked-news__news-article-title\"><\/h2>\n<\/article>\n<\/div>\n<\/aside>\n<\/article>\n","protected":false},"excerpt":{"rendered":"<p>La canciller\u00a0Diana Mondino\u00a0se refiri\u00f3 al panorama internacional y las pol\u00edticas que tomar\u00e1 el gobierno de\u00a0Javier Milei\u00a0en esta materia y adelant\u00f3<\/p>\n","protected":false},"author":1,"featured_media":0,"comment_status":"closed","ping_status":"closed","sticky":false,"template":"","format":"standard","meta":{"footnotes":"","jetpack_publicize_message":"","jetpack_publicize_feature_enabled":true,"jetpack_social_post_already_shared":true,"jetpack_social_options":{"image_generator_settings":{"template":"highway","enabled":false},"version":2}},"categories":[12],"tags":[],"class_list":["post-11689","post","type-post","status-publish","format-standard","hentry","category-politica"],"jetpack_publicize_connections":[],"_links":{"self":[{"href":"https:\/\/diariorepublica.com.ar\/web\/index.php\/wp-json\/wp\/v2\/posts\/11689"}],"collection":[{"href":"https:\/\/diariorepublica.com.ar\/web\/index.php\/wp-json\/wp\/v2\/posts"}],"about":[{"href":"https:\/\/diariorepublica.com.ar\/web\/index.php\/wp-json\/wp\/v2\/types\/post"}],"author":[{"embeddable":true,"href":"https:\/\/diariorepublica.com.ar\/web\/index.php\/wp-json\/wp\/v2\/users\/1"}],"replies":[{"embeddable":true,"href":"https:\/\/diariorepublica.com.ar\/web\/index.php\/wp-json\/wp\/v2\/comments?post=11689"}],"version-history":[{"count":1,"href":"https:\/\/diariorepublica.com.ar\/web\/index.php\/wp-json\/wp\/v2\/posts\/11689\/revisions"}],"predecessor-version":[{"id":11690,"href":"https:\/\/diariorepublica.com.ar\/web\/index.php\/wp-json\/wp\/v2\/posts\/11689\/revisions\/11690"}],"wp:attachment":[{"href":"https:\/\/diariorepublica.com.ar\/web\/index.php\/wp-json\/wp\/v2\/media?parent=11689"}],"wp:term":[{"taxonomy":"category","embeddable":true,"href":"https:\/\/diariorepublica.com.ar\/web\/index.php\/wp-json\/wp\/v2\/categories?post=11689"},{"taxonomy":"post_tag","embeddable":true,"href":"https:\/\/diariorepublica.com.ar\/web\/index.php\/wp-json\/wp\/v2\/tags?post=11689"}],"curies":[{"name":"wp","href":"https:\/\/api.w.org\/{rel}","templated":true}]}}