{"id":11737,"date":"2024-02-05T00:31:00","date_gmt":"2024-02-05T03:31:00","guid":{"rendered":"https:\/\/diariorepublica.com.ar\/web\/?p=11737"},"modified":"2024-02-05T07:33:30","modified_gmt":"2024-02-05T10:33:30","slug":"un-muerto-en-un-enfrentamiento-entre-barras-de-gimnasia-de-mendoza","status":"publish","type":"post","link":"https:\/\/diariorepublica.com.ar\/web\/index.php\/deportes\/2024\/02\/05\/un-muerto-en-un-enfrentamiento-entre-barras-de-gimnasia-de-mendoza\/","title":{"rendered":"Un muerto en un enfrentamiento entre barras de Gimnasia de Mendoza"},"content":{"rendered":"<article id=\"article-post\" class=\"first\">\n<div class=\"cuerpo\" data-twitter-link=\"https:\/\/twitter.com\/intent\/tweet?url=https:\/\/www.diariopopular.com.ar\/c771083&amp;via=poopulardiario&amp;related=Popular&amp;text=\">\n<p>La violencia en el ascenso sum\u00f3 esta tarde otro muerto, esta vez en la ciudad de Mendoza como consecuencia del enfrentamiento entre barras del club Gimnasia, que dej\u00f3 el saldo provisorio de un fallecido y un herido grave.<\/p>\n<\/div>\n<\/article>\n<article id=\"article-post\">\n<div class=\"cuerpo\" data-twitter-link=\"https:\/\/twitter.com\/intent\/tweet?url=https:\/\/www.diariopopular.com.ar\/c771083&amp;via=poopulardiario&amp;related=Popular&amp;text=\">\n<p>El episodio se produjo un par de horas antes del programado comienzo del partido con Defensores de Belgrano que, pese a esta situaci\u00f3n, se disput\u00f3 en el estadio V\u00edctor Legrotaglie.<\/p>\n<p>El cruce entre dos facciones de la barra del Lobo se produjo en la intersecci\u00f3n de las calles Boulogne Sur Mer y Juan B. Justo.<\/p>\n<p>Como consecuencia de la ri\u00f1a, fuentes policiales confirmaron que el deceso del hincha \u00abse produjo por una herida en el abdomen como consecuencia de un disparo de arma de fuego\u00bb.<\/p>\n<p>El deceso del barra, cuya identidad no fue divulgada, fue anunciado por fuentes m\u00e9dicas que pertenecen al Servicio de Emergencia Coordinado (SEC) de la capital provincial.<\/p>\n<p>Adem\u00e1s, otro barra de Gimnasia \u00abfue atendido por un disparo de arma de fuego, mientras otros hinchas resultaron lesionados con golpes\u00bb, seg\u00fan confiaron portavoces m\u00e9dicos y policiales.<\/p>\n<p>La investigaci\u00f3n de la causa qued\u00f3 radicada en la oficina fiscal n\u00famero 2 de la ciudad.<\/p>\n<p>El partido entre Gimnasia y Defensores, v\u00e1lido por la primera fecha del campeonato de la Primera Nacional, se disput\u00f3 con una caracter\u00edstica ins\u00f3lita: aquellos espectadores que pudieron ingresar al estadio antes de las 19.15 tuvieron la chance de presenciar el espect\u00e1culo, mientras que a los que se hallaban fuera de la cancha e inmediaciones se les prohibi\u00f3 el acceso, ampar\u00e1ndose en una \u00abdecisi\u00f3n de AFA\u00bb, seg\u00fan consign\u00f3 un comunicado del club.<\/p>\n<p>El hecho de violencia en la capital mendocina se concret\u00f3 24 horas despu\u00e9s de la reyerta que tuvo lugar en San Mart\u00edn, entre dos facciones de la barra de Chacarita Juniors, que dej\u00f3 a un simpatizante del Funebrero fallecido: Jorge Dur\u00e1n, de 43 a\u00f1os.<\/p>\n<\/div>\n<\/article>\n","protected":false},"excerpt":{"rendered":"<p>La violencia en el ascenso sum\u00f3 esta tarde otro muerto, esta vez en la ciudad de Mendoza como consecuencia del<\/p>\n","protected":false},"author":1,"featured_media":11738,"comment_status":"closed","ping_status":"closed","sticky":false,"template":"","format":"standard","meta":{"footnotes":"","jetpack_publicize_message":"","jetpack_publicize_feature_enabled":true,"jetpack_social_post_already_shared":true,"jetpack_social_options":{"image_generator_settings":{"template":"highway","enabled":false},"version":2}},"categories":[9],"tags":[],"class_list":["post-11737","post","type-post","status-publish","format-standard","has-post-thumbnail","hentry","category-deportes"],"jetpack_publicize_connections":[],"_links":{"self":[{"href":"https:\/\/diariorepublica.com.ar\/web\/index.php\/wp-json\/wp\/v2\/posts\/11737"}],"collection":[{"href":"https:\/\/diariorepublica.com.ar\/web\/index.php\/wp-json\/wp\/v2\/posts"}],"about":[{"href":"https:\/\/diariorepublica.com.ar\/web\/index.php\/wp-json\/wp\/v2\/types\/post"}],"author":[{"embeddable":true,"href":"https:\/\/diariorepublica.com.ar\/web\/index.php\/wp-json\/wp\/v2\/users\/1"}],"replies":[{"embeddable":true,"href":"https:\/\/diariorepublica.com.ar\/web\/index.php\/wp-json\/wp\/v2\/comments?post=11737"}],"version-history":[{"count":1,"href":"https:\/\/diariorepublica.com.ar\/web\/index.php\/wp-json\/wp\/v2\/posts\/11737\/revisions"}],"predecessor-version":[{"id":11739,"href":"https:\/\/diariorepublica.com.ar\/web\/index.php\/wp-json\/wp\/v2\/posts\/11737\/revisions\/11739"}],"wp:featuredmedia":[{"embeddable":true,"href":"https:\/\/diariorepublica.com.ar\/web\/index.php\/wp-json\/wp\/v2\/media\/11738"}],"wp:attachment":[{"href":"https:\/\/diariorepublica.com.ar\/web\/index.php\/wp-json\/wp\/v2\/media?parent=11737"}],"wp:term":[{"taxonomy":"category","embeddable":true,"href":"https:\/\/diariorepublica.com.ar\/web\/index.php\/wp-json\/wp\/v2\/categories?post=11737"},{"taxonomy":"post_tag","embeddable":true,"href":"https:\/\/diariorepublica.com.ar\/web\/index.php\/wp-json\/wp\/v2\/tags?post=11737"}],"curies":[{"name":"wp","href":"https:\/\/api.w.org\/{rel}","templated":true}]}}