{"id":11743,"date":"2024-02-05T01:34:00","date_gmt":"2024-02-05T04:34:00","guid":{"rendered":"https:\/\/diariorepublica.com.ar\/web\/?p=11743"},"modified":"2024-02-05T07:37:25","modified_gmt":"2024-02-05T10:37:25","slug":"sabrina-la-ultima-eliminada-de-gran-hermano","status":"publish","type":"post","link":"https:\/\/diariorepublica.com.ar\/web\/index.php\/espectaculos\/2024\/02\/05\/sabrina-la-ultima-eliminada-de-gran-hermano\/","title":{"rendered":"Sabrina la \u00faltima eliminada de Gran Hermano"},"content":{"rendered":"<article class=\"article-body first\">\n<div class=\"article-content\">\n<div class=\"news-body-paragraph\">\n<p>Este domingo un nuevo participante abandon\u00f3 la casa m\u00e1s famosa del pa\u00eds. La placa estuvo muy re\u00f1ida en la novena gala de nominaci\u00f3n de\u00a0<strong>Gran Hermano<\/strong>\u00a0(Telefe) al estar nominados\u00a0<strong>Agostina Spinelli, Federico &#8216;Manzana&#8217; Far\u00edas, Joel Ojeda, Nicol\u00e1s Grosman, Sabrina Cortez, Lisandro Navarro, Emmanuel Vitch y Virginia Demo.<\/strong><\/p>\n<\/div>\n<\/div>\n<\/article>\n<article class=\"article-body\">\n<div class=\"article-content\">\n<div class=\"news-body-paragraph\">\n<p>A los pocos minutos de comenzar el programa, el conductor<strong>\u00a0Santiago del Moro\u00a0<\/strong>anunci\u00f3 qui\u00e9n fue el primer salvado y\u00a0<strong>Joel\u00a0<\/strong>fue el afortunado en salir de la placa.<\/p>\n<p>Despu\u00e9s, la segunda persona que pudo desarmar la valija para seguir participando del reality fue\u00a0<strong>Virginia<\/strong>, quien entr\u00f3 al reality luego de que\u00a0<strong>Carla &#8216;Chula&#8217; De St\u00e9fano<\/strong>\u00a0saliera voluntariamente.<\/p>\n<p><strong>Emmanuel<\/strong>\u00a0fue el tercer participante salvado para seguir en competencia.\u00a0<strong>Lisandro<\/strong>, en tanto, fue el cuarto participante y<strong>\u00a0Nicol\u00e1s<\/strong>, el quinto en salir de la placa.<\/p>\n<p>A la medianoche, el presentador anunci\u00f3 que\u00a0<strong>Sabrina<\/strong>\u00a0qued\u00f3 eliminada por decisi\u00f3n del p\u00fablico.\u00a0<strong>La participante se fue con el 40,5 por ciento de los votos.<\/strong>\u00a0Manzana, en tanto, obtuvo el 34,3 por ciento de los votos, y Agostina sac\u00f3 el 25,2 por ciento de los votos.<\/p>\n<p>Inmediatamente,<strong>\u00a0Julia &#8216;Furia&#8217; Scaglione\u00a0<\/strong>se fue a su habitaci\u00f3n a festejar la salida de la mendocina y comenz\u00f3 a gritar de felicidad.\u00a0<strong><em>\u00abCallen a la cacat\u00faa\u00bb<\/em>,<\/strong>\u00a0lanz\u00f3 Emmanuel desde el living de la casa, indignado.<\/p>\n<p>M\u00e1s tarde, el cordob\u00e9s, le dijo a Lisandro y a Manzana en alusi\u00f3n a Furia:\u00a0<strong><em>\u00abHay que ponerla s\u00ed o s\u00ed en placa a la rid\u00edcula\u00bb.<\/em><\/strong><\/p>\n<\/div>\n<\/div>\n<\/article>\n","protected":false},"excerpt":{"rendered":"<p>Este domingo un nuevo participante abandon\u00f3 la casa m\u00e1s famosa del pa\u00eds. La placa estuvo muy re\u00f1ida en la novena<\/p>\n","protected":false},"author":1,"featured_media":11744,"comment_status":"closed","ping_status":"closed","sticky":false,"template":"","format":"standard","meta":{"footnotes":"","jetpack_publicize_message":"","jetpack_publicize_feature_enabled":true,"jetpack_social_post_already_shared":true,"jetpack_social_options":{"image_generator_settings":{"template":"highway","enabled":false},"version":2}},"categories":[7],"tags":[],"class_list":["post-11743","post","type-post","status-publish","format-standard","has-post-thumbnail","hentry","category-espectaculos"],"jetpack_publicize_connections":[],"_links":{"self":[{"href":"https:\/\/diariorepublica.com.ar\/web\/index.php\/wp-json\/wp\/v2\/posts\/11743"}],"collection":[{"href":"https:\/\/diariorepublica.com.ar\/web\/index.php\/wp-json\/wp\/v2\/posts"}],"about":[{"href":"https:\/\/diariorepublica.com.ar\/web\/index.php\/wp-json\/wp\/v2\/types\/post"}],"author":[{"embeddable":true,"href":"https:\/\/diariorepublica.com.ar\/web\/index.php\/wp-json\/wp\/v2\/users\/1"}],"replies":[{"embeddable":true,"href":"https:\/\/diariorepublica.com.ar\/web\/index.php\/wp-json\/wp\/v2\/comments?post=11743"}],"version-history":[{"count":1,"href":"https:\/\/diariorepublica.com.ar\/web\/index.php\/wp-json\/wp\/v2\/posts\/11743\/revisions"}],"predecessor-version":[{"id":11745,"href":"https:\/\/diariorepublica.com.ar\/web\/index.php\/wp-json\/wp\/v2\/posts\/11743\/revisions\/11745"}],"wp:featuredmedia":[{"embeddable":true,"href":"https:\/\/diariorepublica.com.ar\/web\/index.php\/wp-json\/wp\/v2\/media\/11744"}],"wp:attachment":[{"href":"https:\/\/diariorepublica.com.ar\/web\/index.php\/wp-json\/wp\/v2\/media?parent=11743"}],"wp:term":[{"taxonomy":"category","embeddable":true,"href":"https:\/\/diariorepublica.com.ar\/web\/index.php\/wp-json\/wp\/v2\/categories?post=11743"},{"taxonomy":"post_tag","embeddable":true,"href":"https:\/\/diariorepublica.com.ar\/web\/index.php\/wp-json\/wp\/v2\/tags?post=11743"}],"curies":[{"name":"wp","href":"https:\/\/api.w.org\/{rel}","templated":true}]}}